{"id":108,"date":"2016-12-08T09:32:51","date_gmt":"2016-12-08T08:32:51","guid":{"rendered":"http:\/\/jpa67.fr\/fr\/?p=108"},"modified":"2018-01-29T15:44:51","modified_gmt":"2018-01-29T14:44:51","slug":"des-loisirs-pour-des-jeunes-en-situation-de-handicap","status":"publish","type":"post","link":"http:\/\/jpa67.fr\/fr\/des-loisirs-pour-des-jeunes-en-situation-de-handicap\/","title":{"rendered":"Avec \u00ab\u00a0Familles en harmonie\u00a0\u00bb, des jeunes s&rsquo;engagent pour les loisirs d&rsquo;autres jeunes en situation de handicap !"},"content":{"rendered":"<p><strong>Une action men\u00e9e par de jeunes volontaires du service civique.<\/strong><\/p>\n<p>Ils s\u2019appelent Elsa, Steven, Devida, Julien, Arnaud, In\u00e8s, Gaston et Lisa. Ils ont choisi de faire leur service civique dans l\u2019association\u00a0<a href=\"http:\/\/www.uniscite.fr\/antenne\/strasbourg\/\">Unis Cit\u00e9s<\/a>. Pendant 9 mois, ils travailleront en bin\u00f4mes sur un sujet cher \u00e0 la JPA : les loisirs des jeunes en situation de handicap. Leur action s\u2019intitule \u00abFamilles en harmonie \u00bb.<\/p>\n<p>A eux maintenant de pr\u00e9parer un programme d\u2019activit\u00e9s : visites, sorties, exploration des ressources de l\u2019environnement proche. Leur objectif est de d\u00e9velopper l\u2019autonomie de ces jeunes \u00e2g\u00e9s de 14 \u00e0 25 ans et de renforcer le lien social. Les parents y sont \u00e9galement associ\u00e9s \u00e0 travers des rencontres conviviales pour partager leurs pr\u00e9occupations mais aussi les solutions que chacun aura explor\u00e9es. Cette action leur procurera des temps de r\u00e9pit pour mieux s\u2019occuper d\u2019eux-m\u00eames ou de la fratrie, dans une cellule familiale apais\u00e9e.<\/p>\n<p>9 mois pour tout cela, c\u2019est court, mais nos jeunes partenaires sont motiv\u00e9s et en 9 mois on peut donner vie \u00e0 une nouvelle mani\u00e8re de percevoir le handicap.<\/p>\n<p>D\u2019autres jeunes en situation de handicap de 14\u00a0\u00e0 25 ans peuvent se joindre au groupe les mercredis ou vendredis jusque fin juin 2017. Envoyez votre demande \u00e0 l\u2019Espace Ressources Loisirs et Handicap :\u00a0<span id=\"cloak23189\"><a href=\"mailto:loisirs.handicap@jpa67.fr\">loisirs.handicap@jpa67.fr<\/a><\/span>, t\u00e9l. : 03 88 65 46 40.<\/p>\n<p><a href=\"http:\/\/jpa67.fr\/fr\/wp-content\/uploads\/2015\/11\/PHOTO-GROUPE-UNIS-CITE.jpg\"><img loading=\"lazy\" class=\"aligncenter wp-image-802 size-full\" src=\"http:\/\/jpa67.fr\/fr\/wp-content\/uploads\/2015\/11\/PHOTO-GROUPE-UNIS-CITE.jpg\" alt=\"photo-groupe-unis-cite\" width=\"608\" height=\"582\" srcset=\"http:\/\/jpa67.fr\/fr\/wp-content\/uploads\/2015\/11\/PHOTO-GROUPE-UNIS-CITE.jpg 608w, http:\/\/jpa67.fr\/fr\/wp-content\/uploads\/2015\/11\/PHOTO-GROUPE-UNIS-CITE-300x287.jpg 300w\" sizes=\"(max-width: 608px) 100vw, 608px\" \/><\/a><\/p>\n","protected":false},"excerpt":{"rendered":"<p>Une action men\u00e9e par de jeunes volontaires du service civique. Ils s\u2019appelent Elsa, Steven, Devida, Julien, Arnaud, In\u00e8s, Gaston et [&hellip;]<\/p>\n","protected":false},"author":1,"featured_media":802,"comment_status":"closed","ping_status":"open","sticky":false,"template":"","format":"standard","meta":{"spay_email":"","jetpack_publicize_message":"","jetpack_is_tweetstorm":false,"jetpack_publicize_feature_enabled":true},"categories":[119,17,27],"tags":[96,30,20,98,18,97,19],"jetpack_featured_media_url":"http:\/\/jpa67.fr\/fr\/wp-content\/uploads\/2015\/11\/PHOTO-GROUPE-UNIS-CITE.jpg","jetpack_publicize_connections":[],"jetpack_sharing_enabled":true,"jetpack_shortlink":"https:\/\/wp.me\/p7mWfa-1K","jetpack-related-posts":[{"id":994,"url":"http:\/\/jpa67.fr\/fr\/accompagner-au-mieux-les-parents-denfants-en-situation-de-handicap\/","url_meta":{"origin":108,"position":0},"title":"Accompagner au mieux les parents d\u2019enfants en situation de handicap","date":"28 novembre 2017","format":false,"excerpt":"\u00a0 UN PROJET \"LOISIR\" ? L'Espace Ressources \"Loisirs et Handicap\" (ERLH) de la Jeunesse au Plein Air (JPA) du Bas-Rhin peut vous apporter des informations et des conseils pour un accueil en centre de loisirs, un d\u00e9part en colonie de vacances, besoin d'un temps de r\u00e9pit, etc... Nous vous proposons\u2026","rel":"","context":"Dans &quot;Centre Ressources Enfance-Jeunesse &amp; Handicap&quot;","img":{"alt_text":"","src":"","width":0,"height":0},"classes":[]},{"id":224,"url":"http:\/\/jpa67.fr\/fr\/enfants-en-situation-de-handicap-nouveaux-dispositifs-solutions-actions\/","url_meta":{"origin":108,"position":1},"title":"Enfants en situation de handicap : nouveaux dispositifs, solutions, actions","date":"13 mai 2016","format":false,"excerpt":"Participez \u00e0 une matin\u00e9e d'informations et de conseils, pour mieux aider les familles d'enfants en situation de handicap Six acteurs du handicap se r\u00e9unissent pour apporter leur expertise aux professionnels de l'accueil d'enfants en situation de handicap. Ces\u00a06 organismes seront pr\u00e9sents pour vous informer et vous conseiller : Maison D\u00e9partementale\u2026","rel":"","context":"Dans &quot;Centre Ressources Enfance-Jeunesse &amp; Handicap&quot;","img":{"alt_text":"","src":"https:\/\/i0.wp.com\/jpa67.fr\/fr\/wp-content\/uploads\/2016\/05\/journee-2-juin-2016.png?resize=350%2C200","width":350,"height":200},"classes":[]},{"id":1074,"url":"http:\/\/jpa67.fr\/fr\/reunion-dinformations\/","url_meta":{"origin":108,"position":2},"title":"R\u00e9union d&rsquo;informations","date":"24 janvier 2018","format":false,"excerpt":"UN PROJET \"LOISIRS\" ? Le Centre Ressources Enfance-Jeunesse & Handicap (CREJH)\u00a0de la Jeunesse au Plein Air (JPA) du Bas-Rhin peut vous apporter des informations et des conseils pour un accueil en centre de loisirs, un d\u00e9part en colonie de vacances, besoin d'un temps de r\u00e9pit, etc... Nous vous proposons de\u2026","rel":"","context":"Dans &quot;Centre Ressources Enfance-Jeunesse &amp; Handicap&quot;","img":{"alt_text":"","src":"https:\/\/i0.wp.com\/jpa67.fr\/fr\/wp-content\/uploads\/2018\/01\/banniereCREJH_Final_vecto.png?resize=350%2C200","width":350,"height":200},"classes":[]},{"id":1315,"url":"http:\/\/jpa67.fr\/fr\/reunion-dinformations-18-mai-2018\/","url_meta":{"origin":108,"position":3},"title":"R\u00e9union d&rsquo;informations &#8211; 18 mai 2018","date":"5 avril 2018","format":false,"excerpt":"UN PROJET \"LOISIRS\" ? Le Centre Ressources Enfance-Jeunesse & Handicap (CREJH)\u00a0de la Jeunesse au Plein Air (JPA) du Bas-Rhin peut vous apporter des informations et des conseils pour un accueil en centre de loisirs, un d\u00e9part en colonie de vacances, besoin d'un temps de r\u00e9pit, etc... Nous vous proposons de\u2026","rel":"","context":"Dans &quot;Centre Ressources Enfance-Jeunesse &amp; Handicap&quot;","img":{"alt_text":"","src":"https:\/\/i0.wp.com\/jpa67.fr\/fr\/wp-content\/uploads\/2018\/03\/miseEnAvant_Wordpress.jpg?resize=350%2C200","width":350,"height":200},"classes":[]},{"id":1348,"url":"http:\/\/jpa67.fr\/fr\/journee-dechange-9-juin-2018\/","url_meta":{"origin":108,"position":4},"title":"Journ\u00e9e d&rsquo;\u00c9change &#8211; 9 juin 2018","date":"25 mai 2018","format":false,"excerpt":"Le Centre Ressources Enfance-jeunesse et Handicap de la Jeunesse au Plein Air du Bas-Rhin organise une Journ\u00e9e d\u2019\u00c9change \u00e0 destination des familles et des professionnels. L\u2019entr\u00e9e est sur inscription, vous pouvez soit vous inscrire en ligne en suivant ce lien : inscription en ligne Ou t\u00e9l\u00e9charger la plaquette et le\u2026","rel":"","context":"Dans &quot;Centre Ressources Enfance-Jeunesse &amp; Handicap&quot;","img":{"alt_text":"","src":"","width":0,"height":0},"classes":[]},{"id":2361,"url":"http:\/\/jpa67.fr\/fr\/questionnaire-a-destination-des-parents-denfants-en-situation-de-handicap\/","url_meta":{"origin":108,"position":5},"title":"Questionnaire \u00e0 destination des parents d\u2019enfants en situation de handicap","date":"26 mars 2019","format":false,"excerpt":"LANCEMENT du questionnaire \u00e0 destination des parents d\u2019enfants en situation de handicap Ce questionnaire est \u00e0 destination des parents d'enfants en situation de handicap et est men\u00e9 par le Centre Ressources Enfance-Jeunesse & Handicap (CREJH) de la Jeunesse au Plein Air du Bas-Rhin (JPA67) avec l'appui de l'association HANDEO. L'objectif\u2026","rel":"","context":"Dans &quot;Centre Ressources Enfance-Jeunesse &amp; Handicap&quot;","img":{"alt_text":"","src":"https:\/\/i0.wp.com\/jpa67.fr\/fr\/wp-content\/uploads\/2019\/03\/Capture.png?resize=350%2C200","width":350,"height":200},"classes":[]}],"_links":{"self":[{"href":"http:\/\/jpa67.fr\/fr\/wp-json\/wp\/v2\/posts\/108"}],"collection":[{"href":"http:\/\/jpa67.fr\/fr\/wp-json\/wp\/v2\/posts"}],"about":[{"href":"http:\/\/jpa67.fr\/fr\/wp-json\/wp\/v2\/types\/post"}],"author":[{"embeddable":true,"href":"http:\/\/jpa67.fr\/fr\/wp-json\/wp\/v2\/users\/1"}],"replies":[{"embeddable":true,"href":"http:\/\/jpa67.fr\/fr\/wp-json\/wp\/v2\/comments?post=108"}],"version-history":[{"count":5,"href":"http:\/\/jpa67.fr\/fr\/wp-json\/wp\/v2\/posts\/108\/revisions"}],"predecessor-version":[{"id":801,"href":"http:\/\/jpa67.fr\/fr\/wp-json\/wp\/v2\/posts\/108\/revisions\/801"}],"wp:featuredmedia":[{"embeddable":true,"href":"http:\/\/jpa67.fr\/fr\/wp-json\/wp\/v2\/media\/802"}],"wp:attachment":[{"href":"http:\/\/jpa67.fr\/fr\/wp-json\/wp\/v2\/media?parent=108"}],"wp:term":[{"taxonomy":"category","embeddable":true,"href":"http:\/\/jpa67.fr\/fr\/wp-json\/wp\/v2\/categories?post=108"},{"taxonomy":"post_tag","embeddable":true,"href":"http:\/\/jpa67.fr\/fr\/wp-json\/wp\/v2\/tags?post=108"}],"curies":[{"name":"wp","href":"https:\/\/api.w.org\/{rel}","templated":true}]}}