{"id":1214,"date":"2018-02-06T08:31:26","date_gmt":"2018-02-06T07:31:26","guid":{"rendered":"http:\/\/jpa67.fr\/fr\/?p=1214"},"modified":"2018-02-06T10:13:00","modified_gmt":"2018-02-06T09:13:00","slug":"catalogue-2018","status":"publish","type":"post","link":"http:\/\/jpa67.fr\/fr\/catalogue-2018\/","title":{"rendered":"Catalogue 2018"},"content":{"rendered":"<p>La catalogue 2018\u00a0des s\u00e9jours de vacances en milieu ordinaire , vient de sortir, en version num\u00e9rique, la version papier devrait bient\u00f4t nous \u00eatre livr\u00e9e !<\/p>\n<p>Ce catalogue regroupe, des s\u00e9jours de vacances propos\u00e9s par nos partenaires, les PEP Alsace, l&rsquo;AROEVEN et Vacances Pour Tous.<\/p>\n<p><a href=\"http:\/\/jpa67.fr\/fr\/wp-content\/uploads\/2018\/02\/CATALOGUE_2018-FINAL.pdf\">CATALOGUE_2018<\/a><\/p>\n","protected":false},"excerpt":{"rendered":"<p>La catalogue 2018\u00a0des s\u00e9jours de vacances en milieu ordinaire , vient de sortir, en version num\u00e9rique, la version papier devrait [&hellip;]<\/p>\n","protected":false},"author":3,"featured_media":1216,"comment_status":"closed","ping_status":"open","sticky":false,"template":"","format":"standard","meta":{"spay_email":"","jetpack_publicize_message":"","jetpack_is_tweetstorm":false,"jetpack_publicize_feature_enabled":true},"categories":[119,3,17,27],"tags":[],"jetpack_featured_media_url":"http:\/\/jpa67.fr\/fr\/wp-content\/uploads\/2018\/02\/couv_catalogue.jpg","jetpack_publicize_connections":[],"jetpack_sharing_enabled":true,"jetpack_shortlink":"https:\/\/wp.me\/p7mWfa-jA","jetpack-related-posts":[{"id":900,"url":"http:\/\/jpa67.fr\/fr\/le-catalogue-des-sejours-de-vacances-en-milieu-ordinaire-est-paru\/","url_meta":{"origin":1214,"position":0},"title":"Le catalogue des s\u00e9jours de vacances en milieu \u00ab\u00a0ordinaire\u00a0\u00bb est paru","date":"4 mars 2017","format":false,"excerpt":"T\u00e9l\u00e9chargez-le. Il contient les s\u00e9jours recommand\u00e9s par la JPA 67.","rel":"","context":"Dans &quot;Centre Ressources Enfance-Jeunesse &amp; Handicap&quot;","img":{"alt_text":"","src":"https:\/\/i0.wp.com\/jpa67.fr\/fr\/wp-content\/uploads\/2016\/05\/CATALOGUE-2017_couverture.jpg?resize=350%2C200","width":350,"height":200},"classes":[]},{"id":1324,"url":"http:\/\/jpa67.fr\/fr\/recherche-daccompagnateurs-individuels\/","url_meta":{"origin":1214,"position":1},"title":"Recherche d&rsquo;accompagnateurs individuels","date":"12 avril 2018","format":false,"excerpt":"Nous recherchons des accompagnateurs individuels pour des enfants en situation de handicap (Accompagnement en Colonies de vacances en milieu ordinaire) \u00a0 Le Centre Ressources Enfance - Jeunesse & Handicap (CREJH) de la Jeunesse au Plein Air du Bas-Rhin a pour mission de faciliter\u00a0l'accueil des enfants en situation de handicap, dans\u2026","rel":"","context":"Dans &quot;Centre Ressources Enfance-Jeunesse &amp; Handicap&quot;","img":{"alt_text":"","src":"https:\/\/i0.wp.com\/jpa67.fr\/fr\/wp-content\/uploads\/2018\/03\/miseEnAvant_Wordpress.jpg?resize=350%2C200","width":350,"height":200},"classes":[]},{"id":923,"url":"http:\/\/jpa67.fr\/fr\/enquete-les-enfants-en-situation-de-handicap-et-les-aides-jpa-ancv\/","url_meta":{"origin":1214,"position":2},"title":"Enqu\u00eate : les enfants en situation de handicap et les aides JPA-ANCV","date":"5 juin 2017","format":false,"excerpt":"La JPA vient de publier les r\u00e9sultats d\u2019une enqu\u00eate sur la mani\u00e8re dont les parents d\u2019enfants en situation de handicap per\u00e7oivent les aides JPA-ANCV. Premier constat\u00a0: sans ces aides financi\u00e8res, plus de 45% des parents n\u2019auraient pas pu faire profiter leurs enfants des colonies de vacances. Pour plus de 87%\u2026","rel":"","context":"Dans &quot;Centre Ressources Enfance-Jeunesse &amp; Handicap&quot;","img":{"alt_text":"","src":"https:\/\/i0.wp.com\/jpa67.fr\/fr\/wp-content\/uploads\/2017\/06\/IMG_1410.jpg?resize=350%2C200","width":350,"height":200},"classes":[]},{"id":1315,"url":"http:\/\/jpa67.fr\/fr\/reunion-dinformations-18-mai-2018\/","url_meta":{"origin":1214,"position":3},"title":"R\u00e9union d&rsquo;informations &#8211; 18 mai 2018","date":"5 avril 2018","format":false,"excerpt":"UN PROJET \"LOISIRS\" ? Le Centre Ressources Enfance-Jeunesse & Handicap (CREJH)\u00a0de la Jeunesse au Plein Air (JPA) du Bas-Rhin peut vous apporter des informations et des conseils pour un accueil en centre de loisirs, un d\u00e9part en colonie de vacances, besoin d'un temps de r\u00e9pit, etc... Nous vous proposons de\u2026","rel":"","context":"Dans &quot;Centre Ressources Enfance-Jeunesse &amp; Handicap&quot;","img":{"alt_text":"","src":"https:\/\/i0.wp.com\/jpa67.fr\/fr\/wp-content\/uploads\/2018\/03\/miseEnAvant_Wordpress.jpg?resize=350%2C200","width":350,"height":200},"classes":[]},{"id":1074,"url":"http:\/\/jpa67.fr\/fr\/reunion-dinformations\/","url_meta":{"origin":1214,"position":4},"title":"R\u00e9union d&rsquo;informations","date":"24 janvier 2018","format":false,"excerpt":"UN PROJET \"LOISIRS\" ? Le Centre Ressources Enfance-Jeunesse & Handicap (CREJH)\u00a0de la Jeunesse au Plein Air (JPA) du Bas-Rhin peut vous apporter des informations et des conseils pour un accueil en centre de loisirs, un d\u00e9part en colonie de vacances, besoin d'un temps de r\u00e9pit, etc... Nous vous proposons de\u2026","rel":"","context":"Dans &quot;Centre Ressources Enfance-Jeunesse &amp; Handicap&quot;","img":{"alt_text":"","src":"https:\/\/i0.wp.com\/jpa67.fr\/fr\/wp-content\/uploads\/2018\/01\/banniereCREJH_Final_vecto.png?resize=350%2C200","width":350,"height":200},"classes":[]},{"id":912,"url":"http:\/\/jpa67.fr\/fr\/100colo-la-campagne-de-promotion-2017-en-faveur-des-colonies-de-vacances\/","url_meta":{"origin":1214,"position":5},"title":"#100%colo : la campagne de promotion 2017 en faveur des colonies de vacances","date":"13 mars 2017","format":false,"excerpt":"Pour la troisi\u00e8me ann\u00e9e cons\u00e9cutive, le Minist\u00e8re de la Ville, de la Jeunesse et des Sports lance une grande campagne d'information et de communication en faveur des colonies de vacances, en collaboration avec la Caisse Nationale d'Allocations familiales, l'UNAT et la Jeunesse au Plein Air. Sur son site, on trouve\u2026","rel":"","context":"Dans &quot;Colonies de vacances&quot;","img":{"alt_text":"","src":"https:\/\/i0.wp.com\/jpa67.fr\/fr\/wp-content\/uploads\/2017\/03\/Colos2017_Facebook_Twitter_OuvrirAutres.jpg?resize=350%2C200","width":350,"height":200},"classes":[]}],"_links":{"self":[{"href":"http:\/\/jpa67.fr\/fr\/wp-json\/wp\/v2\/posts\/1214"}],"collection":[{"href":"http:\/\/jpa67.fr\/fr\/wp-json\/wp\/v2\/posts"}],"about":[{"href":"http:\/\/jpa67.fr\/fr\/wp-json\/wp\/v2\/types\/post"}],"author":[{"embeddable":true,"href":"http:\/\/jpa67.fr\/fr\/wp-json\/wp\/v2\/users\/3"}],"replies":[{"embeddable":true,"href":"http:\/\/jpa67.fr\/fr\/wp-json\/wp\/v2\/comments?post=1214"}],"version-history":[{"count":4,"href":"http:\/\/jpa67.fr\/fr\/wp-json\/wp\/v2\/posts\/1214\/revisions"}],"predecessor-version":[{"id":1220,"href":"http:\/\/jpa67.fr\/fr\/wp-json\/wp\/v2\/posts\/1214\/revisions\/1220"}],"wp:featuredmedia":[{"embeddable":true,"href":"http:\/\/jpa67.fr\/fr\/wp-json\/wp\/v2\/media\/1216"}],"wp:attachment":[{"href":"http:\/\/jpa67.fr\/fr\/wp-json\/wp\/v2\/media?parent=1214"}],"wp:term":[{"taxonomy":"category","embeddable":true,"href":"http:\/\/jpa67.fr\/fr\/wp-json\/wp\/v2\/categories?post=1214"},{"taxonomy":"post_tag","embeddable":true,"href":"http:\/\/jpa67.fr\/fr\/wp-json\/wp\/v2\/tags?post=1214"}],"curies":[{"name":"wp","href":"https:\/\/api.w.org\/{rel}","templated":true}]}}