{"id":1324,"date":"2018-04-12T09:18:49","date_gmt":"2018-04-12T08:18:49","guid":{"rendered":"http:\/\/jpa67.fr\/fr\/?p=1324"},"modified":"2018-04-12T13:02:00","modified_gmt":"2018-04-12T12:02:00","slug":"recherche-daccompagnateurs-individuels","status":"publish","type":"post","link":"http:\/\/jpa67.fr\/fr\/recherche-daccompagnateurs-individuels\/","title":{"rendered":"Recherche d&rsquo;accompagnateurs individuels"},"content":{"rendered":"<h1 style=\"text-align: center;\"><strong><span style=\"color: #ffffff;\"><span style=\"color: #422781;\">Nous recherchons des accompagnateurs individuels pour des enfants en situation de handicap<\/span><\/span><\/strong><\/h1>\n<h2 style=\"text-align: center;\"><span style=\"color: #00ac9c;\">(Accompagnement en Colonies de vacances <strong><u>en milieu ordinaire<\/u><\/strong>)<\/span><\/h2>\n<p>&nbsp;<\/p>\n<p><strong>Le Centre Ressources Enfance &#8211; Jeunesse &amp; Handicap (CREJH) de la Jeunesse au Plein Air du Bas-Rhin a pour mission de faciliter\u00a0l&rsquo;accueil des enfants en situation de handicap, dans les colonies\u00a0de vacances et les centres de loisirs en milieu ordinaire. Gr\u00e2ce \u00e0 nos organisateurs de s\u00e9jours partenaires nous pr\u00e9parons un accueil de qualit\u00e9 pour l&rsquo;enfant. Certains enfants en situation de handicap n\u00e9cessitent une attention particuli\u00e8re pendant le s\u00e9jour. C\u2019est la raison pour laquelle, nous sommes \u00e0 la recherche d&rsquo;accompagnateurs individuels pour lui permettre de vivre pleinement son s\u00e9jour.<\/strong><\/p>\n<p><strong>\u00a0<\/strong><strong>Missions de l&rsquo;accompagnateur individuel\u00a0:<\/strong> Accompagner l&rsquo;enfant et r\u00e9pondre \u00e0 ses besoins sp\u00e9cifiques tout en faisant partie int\u00e9grante de l&rsquo;\u00e9quipe d&rsquo;animation.<\/p>\n<p><strong><u>R\u00e9mun\u00e9ration\u00a0:<\/u><\/strong> Salaire d&rsquo;animateur occasionnel sous Contrat d&rsquo;Engagement Educatif. Moyenne\u00a0: 25 \u20ac \/30 \u20ac par jour. Peut varier selon l&rsquo;organisme de vacances.<\/p>\n<p><strong><u>Candidature\u00a0:<\/u><\/strong> <span style=\"color: #00ac9c;\"><strong>Veuillez nous envoyer votre <em>CV<\/em> et <em>Lettre de Motivation<\/em><\/strong><\/span> ainsi que\u00a0:<\/p>\n<ul>\n<li>La p\u00e9riode de disponibilit\u00e9 pour un accompagnement<\/li>\n<li>La tranche d&rsquo;\u00e2ge souhait\u00e9e<\/li>\n<\/ul>\n<p>Il s&rsquo;agit de s\u00e9jours courts entre 1 et 2 semaines pour les petites et grandes vacances scolaires. (Possibilit\u00e9 d&rsquo;\u00eatre candidat \u00e0 plusieurs s\u00e9jours cons\u00e9cutifs)<\/p>\n<p style=\"text-align: center;\"><span style=\"color: #00ac9c;\"><strong>Pour plus d&rsquo;information<\/strong><\/span><\/p>\n<p style=\"text-align: center;\"><strong style=\"text-align: center;\">Sonia CARDONER<\/strong><br style=\"text-align: center;\" \/><span style=\"text-align: center;\">Responsable du Centre Ressources Enfance-Jeunesse &amp; Handicap\u00a0<\/span><u style=\"text-align: center;\"><br \/>\nT\u00e9l\u00e9phone :<\/u><span style=\"text-align: center;\">\u00a0<span style=\"color: #00ac9c;\">03 88 65 46 40<\/span><\/span><br style=\"text-align: center;\" \/><u style=\"text-align: center;\">Mail\u00a0:<\/u><span style=\"text-align: center;\">\u00a0<span style=\"color: #00ac9c;\">loisirs.handicap@jpa67.fr<\/span><\/span><\/p>\n<p>&nbsp;<\/p>\n<p>version t\u00e9l\u00e9chargeable :\u00a0<a href=\"http:\/\/jpa67.fr\/fr\/wp-content\/uploads\/2018\/04\/annonce_accompagnateurs-individuels.pdf\">annonce_accompagnateurs-individuels<\/a><\/p>\n<p>&nbsp;<\/p>\n","protected":false},"excerpt":{"rendered":"<p>Nous recherchons des accompagnateurs individuels pour des enfants en situation de handicap (Accompagnement en Colonies de vacances en milieu ordinaire) [&hellip;]<\/p>\n","protected":false},"author":3,"featured_media":1281,"comment_status":"closed","ping_status":"open","sticky":false,"template":"","format":"standard","meta":{"spay_email":"","jetpack_publicize_message":"","jetpack_is_tweetstorm":false,"jetpack_publicize_feature_enabled":true},"categories":[119,3,27],"tags":[],"jetpack_featured_media_url":"http:\/\/jpa67.fr\/fr\/wp-content\/uploads\/2018\/03\/miseEnAvant_Wordpress.jpg","jetpack_publicize_connections":[],"jetpack_sharing_enabled":true,"jetpack_shortlink":"https:\/\/wp.me\/p7mWfa-lm","jetpack-related-posts":[{"id":1214,"url":"http:\/\/jpa67.fr\/fr\/catalogue-2018\/","url_meta":{"origin":1324,"position":0},"title":"Catalogue 2018","date":"6 f\u00e9vrier 2018","format":false,"excerpt":"La catalogue 2018\u00a0des s\u00e9jours de vacances en milieu ordinaire , vient de sortir, en version num\u00e9rique, la version papier devrait bient\u00f4t nous \u00eatre livr\u00e9e ! Ce catalogue regroupe, des s\u00e9jours de vacances propos\u00e9s par nos partenaires, les PEP Alsace, l'AROEVEN et Vacances Pour Tous. CATALOGUE_2018","rel":"","context":"Dans &quot;Centre Ressources Enfance-Jeunesse &amp; Handicap&quot;","img":{"alt_text":"","src":"https:\/\/i0.wp.com\/jpa67.fr\/fr\/wp-content\/uploads\/2018\/02\/couv_catalogue.jpg?resize=350%2C200","width":350,"height":200},"classes":[]},{"id":900,"url":"http:\/\/jpa67.fr\/fr\/le-catalogue-des-sejours-de-vacances-en-milieu-ordinaire-est-paru\/","url_meta":{"origin":1324,"position":1},"title":"Le catalogue des s\u00e9jours de vacances en milieu \u00ab\u00a0ordinaire\u00a0\u00bb est paru","date":"4 mars 2017","format":false,"excerpt":"T\u00e9l\u00e9chargez-le. Il contient les s\u00e9jours recommand\u00e9s par la JPA 67.","rel":"","context":"Dans &quot;Centre Ressources Enfance-Jeunesse &amp; Handicap&quot;","img":{"alt_text":"","src":"https:\/\/i0.wp.com\/jpa67.fr\/fr\/wp-content\/uploads\/2016\/05\/CATALOGUE-2017_couverture.jpg?resize=350%2C200","width":350,"height":200},"classes":[]},{"id":1315,"url":"http:\/\/jpa67.fr\/fr\/reunion-dinformations-18-mai-2018\/","url_meta":{"origin":1324,"position":2},"title":"R\u00e9union d&rsquo;informations &#8211; 18 mai 2018","date":"5 avril 2018","format":false,"excerpt":"UN PROJET \"LOISIRS\" ? Le Centre Ressources Enfance-Jeunesse & Handicap (CREJH)\u00a0de la Jeunesse au Plein Air (JPA) du Bas-Rhin peut vous apporter des informations et des conseils pour un accueil en centre de loisirs, un d\u00e9part en colonie de vacances, besoin d'un temps de r\u00e9pit, etc... Nous vous proposons de\u2026","rel":"","context":"Dans &quot;Centre Ressources Enfance-Jeunesse &amp; Handicap&quot;","img":{"alt_text":"","src":"https:\/\/i0.wp.com\/jpa67.fr\/fr\/wp-content\/uploads\/2018\/03\/miseEnAvant_Wordpress.jpg?resize=350%2C200","width":350,"height":200},"classes":[]},{"id":923,"url":"http:\/\/jpa67.fr\/fr\/enquete-les-enfants-en-situation-de-handicap-et-les-aides-jpa-ancv\/","url_meta":{"origin":1324,"position":3},"title":"Enqu\u00eate : les enfants en situation de handicap et les aides JPA-ANCV","date":"5 juin 2017","format":false,"excerpt":"La JPA vient de publier les r\u00e9sultats d\u2019une enqu\u00eate sur la mani\u00e8re dont les parents d\u2019enfants en situation de handicap per\u00e7oivent les aides JPA-ANCV. Premier constat\u00a0: sans ces aides financi\u00e8res, plus de 45% des parents n\u2019auraient pas pu faire profiter leurs enfants des colonies de vacances. Pour plus de 87%\u2026","rel":"","context":"Dans &quot;Centre Ressources Enfance-Jeunesse &amp; Handicap&quot;","img":{"alt_text":"","src":"https:\/\/i0.wp.com\/jpa67.fr\/fr\/wp-content\/uploads\/2017\/06\/IMG_1410.jpg?resize=350%2C200","width":350,"height":200},"classes":[]},{"id":2275,"url":"http:\/\/jpa67.fr\/fr\/reunion-dinformations-2\/","url_meta":{"origin":1324,"position":4},"title":"R\u00e9union d&rsquo;informations","date":"13 septembre 2018","format":false,"excerpt":"R\u00e9union d\u2019informations \u2013 19 octobre 2018 UN PROJET \u00ab\u00a0LOISIRS\u00a0\u00bb ? Le Centre Ressources Enfance-Jeunesse & Handicap (CREJH)\u00a0de la Jeunesse au Plein Air (JPA) du Bas-Rhin peut vous apporter des informations et des conseils pour un accueil en centre de loisirs, un d\u00e9part en colonie de vacances, besoin d\u2019un temps de\u2026","rel":"","context":"Dans &quot;Centre Ressources Enfance-Jeunesse &amp; Handicap&quot;","img":{"alt_text":"","src":"https:\/\/i0.wp.com\/jpa67.fr\/fr\/wp-content\/uploads\/2018\/07\/affiche_reuInfos_sept.jpg?resize=350%2C200","width":350,"height":200},"classes":[]},{"id":1270,"url":"http:\/\/jpa67.fr\/fr\/reunion-dinformations-9-mars-2018\/","url_meta":{"origin":1324,"position":5},"title":"R\u00e9union d&rsquo;informations &#8211; 9 mars 2018","date":"5 mars 2018","format":false,"excerpt":"UN PROJET \"LOISIRS\" ? Le Centre Ressources Enfance-Jeunesse & Handicap (CREJH)\u00a0de la Jeunesse au Plein Air (JPA) du Bas-Rhin peut vous apporter des informations et des conseils pour un accueil en centre de loisirs, un d\u00e9part en colonie de vacances, besoin d'un temps de r\u00e9pit, etc... Nous vous proposons de\u2026","rel":"","context":"Dans &quot;archives&quot;","img":{"alt_text":"","src":"https:\/\/i0.wp.com\/jpa67.fr\/fr\/wp-content\/uploads\/2018\/03\/miseEnAvant_Wordpress.jpg?resize=350%2C200","width":350,"height":200},"classes":[]}],"_links":{"self":[{"href":"http:\/\/jpa67.fr\/fr\/wp-json\/wp\/v2\/posts\/1324"}],"collection":[{"href":"http:\/\/jpa67.fr\/fr\/wp-json\/wp\/v2\/posts"}],"about":[{"href":"http:\/\/jpa67.fr\/fr\/wp-json\/wp\/v2\/types\/post"}],"author":[{"embeddable":true,"href":"http:\/\/jpa67.fr\/fr\/wp-json\/wp\/v2\/users\/3"}],"replies":[{"embeddable":true,"href":"http:\/\/jpa67.fr\/fr\/wp-json\/wp\/v2\/comments?post=1324"}],"version-history":[{"count":11,"href":"http:\/\/jpa67.fr\/fr\/wp-json\/wp\/v2\/posts\/1324\/revisions"}],"predecessor-version":[{"id":1336,"href":"http:\/\/jpa67.fr\/fr\/wp-json\/wp\/v2\/posts\/1324\/revisions\/1336"}],"wp:featuredmedia":[{"embeddable":true,"href":"http:\/\/jpa67.fr\/fr\/wp-json\/wp\/v2\/media\/1281"}],"wp:attachment":[{"href":"http:\/\/jpa67.fr\/fr\/wp-json\/wp\/v2\/media?parent=1324"}],"wp:term":[{"taxonomy":"category","embeddable":true,"href":"http:\/\/jpa67.fr\/fr\/wp-json\/wp\/v2\/categories?post=1324"},{"taxonomy":"post_tag","embeddable":true,"href":"http:\/\/jpa67.fr\/fr\/wp-json\/wp\/v2\/tags?post=1324"}],"curies":[{"name":"wp","href":"https:\/\/api.w.org\/{rel}","templated":true}]}}