{"id":1348,"date":"2018-05-25T09:22:19","date_gmt":"2018-05-25T08:22:19","guid":{"rendered":"http:\/\/jpa67.fr\/fr\/?p=1348"},"modified":"2018-05-25T09:25:48","modified_gmt":"2018-05-25T08:25:48","slug":"journee-dechange-9-juin-2018","status":"publish","type":"post","link":"http:\/\/jpa67.fr\/fr\/journee-dechange-9-juin-2018\/","title":{"rendered":"Journ\u00e9e d&rsquo;\u00c9change &#8211; 9 juin 2018"},"content":{"rendered":"<p>Le Centre Ressources Enfance-jeunesse et Handicap de la Jeunesse au Plein Air du Bas-Rhin organise une Journ\u00e9e d\u2019\u00c9change \u00e0 destination des familles et des professionnels.<\/p>\n<p>L\u2019entr\u00e9e est sur inscription, vous pouvez soit vous inscrire en ligne en suivant ce lien :<\/p>\n<p><a href=\"https:\/\/goo.gl\/forms\/GtHg89efZTlHtbUX2\">inscription en ligne<\/a><\/p>\n<p>Ou t\u00e9l\u00e9charger la plaquette et le bulletin d\u2019inscription \u00e0 nous renvoyer par courrier ou par mail :<\/p>\n<p><a href=\"http:\/\/jpa67.fr\/fr\/wp-content\/uploads\/2018\/05\/FlyerA5_ForumHandicap.pdf\" target=\"_blank\" rel=\"noopener\">bulletin d&rsquo;inscription<\/a><\/p>\n<h2 style=\"text-align: center;\"><span style=\"color: #422781;\">PROGRAMME<\/span><\/h2>\n<p style=\"text-align: center;\"><strong>9h00 &#8211; 9h20\u00a0:<\/strong> Accueil<\/p>\n<p style=\"text-align: center;\"><strong>9h20 &#8211; 9h30\u00a0:<\/strong> Mot de bienvenue (Jeunesse au Plein Air du Bas-Rhin) et pr\u00e9sentation de la journ\u00e9e (Mme CARDONER \u2013 CREJH \/JPA 67)<\/p>\n<p style=\"text-align: center;\"><strong>9h30 &#8211; 10h45\u00a0<\/strong><\/p>\n<p style=\"text-align: center;\">Paroles aux parents et aux professionnels (Partages d\u2019exp\u00e9riences)<\/p>\n<p style=\"text-align: center;\">T\u00e9moignages de parents et de professionnels de structures de loisirs<\/p>\n<p style=\"text-align: center;\">\u00c9changes avec la salle<\/p>\n<p style=\"text-align: center;\"><strong>10h45 &#8211; 11h00<\/strong><\/p>\n<p style=\"text-align: center;\">Pause<\/p>\n<p style=\"text-align: center;\"><strong>11h00 &#8211; 12h00\u00a0<\/strong><\/p>\n<p style=\"text-align: center;\"><strong>Intervention d\u2019un repr\u00e9sentant de la Maison D\u00e9partementale des Personnes Handicap\u00e9es (MDPH)<\/strong><\/p>\n<p style=\"text-align: center;\">Prise en compte du projet \u00ab loisirs\u00a0\u00bb dans le projet de vie de la personne en situation de handicap<\/p>\n<p style=\"text-align: center;\">L&rsquo;acc\u00e8s aux vacances et aux loisirs (culturels, sportifs&#8230;) est un droit fondamental au m\u00eame titre que la sant\u00e9, l`\u00e9ducation, la formation et l\u2019emploi. Tous les citoyens doivent avoir la possibilit\u00e9 de d\u00e9couvrir les richesses patrimoniales, culturelles de notre pays, et de pratiquer diff\u00e9rentes activit\u00e9s.<\/p>\n<p style=\"text-align: center;\">Quelles sont les aides financi\u00e8res existantes si aides financi\u00e8res n\u00e9cessaires ?<\/p>\n<p style=\"text-align: center;\"><strong>Intervention d\u2019un repr\u00e9sentant de la CAF du Bas-Rhin<\/strong><\/p>\n<p style=\"text-align: center;\">Prise en compte de la n\u00e9cessit\u00e9 d\u2019accompagner les familles et plus particuli\u00e8rement pour les accueils dans le domaine du loisir<\/p>\n<p style=\"text-align: center;\">Le conseil d\u2019administration de la CAF du Bas-Rhin a fait le choix de soutenir financi\u00e8rement le centre ressources Enfance \u2013 Jeunesse &amp; Handicap de la JPA 67 et de mettre en place le dispositif \u00ab\u00a0Accompagnement des parents d\u2019enfant en situation de handicap\u00a0\u00bb g\u00e9rer par l\u2019AID 67 pour accompagner au mieux les familles au quotidien. Quel b\u00e9n\u00e9fice pour les familles\u00a0?<\/p>\n<p style=\"text-align: center;\"><strong>\u00c9change avec la salle <\/strong><\/p>\n<p style=\"text-align: center;\"><strong>12h00 &#8211; 13h30<\/strong><\/p>\n<p style=\"text-align: center;\">Repas libre<\/p>\n<p style=\"text-align: center;\"><strong>13h30 &#8211; 15h00<\/strong><\/p>\n<p style=\"text-align: center;\"><strong>Atelier<\/strong> \u00ab Comment accueillir un enfant en situation de handicap en structure de loisirs (P\u00e9riscolaire, accueil de loisirs, centre de vacances, club sportif, \u2026)\u00a0? \u00bb.<\/p>\n<p style=\"text-align: center;\">Dites-nous comment am\u00e9liorer l\u2019accueil d\u2019un enfant en situation de handicap dans les accueils de loisirs\u00a0?<\/p>\n<p style=\"text-align: center;\"><strong>15h00 &#8211; 15h15<\/strong><\/p>\n<p style=\"text-align: center;\">Pause<\/p>\n<p style=\"text-align: center;\"><strong>15h15 &#8211; 15h45<\/strong><\/p>\n<p style=\"text-align: center;\">Synth\u00e8se de l\u2019atelier et de la journ\u00e9e<\/p>\n<p style=\"text-align: center;\"><strong>15h45<\/strong><\/p>\n<p style=\"text-align: center;\">Mot de la fin<\/p>\n","protected":false},"excerpt":{"rendered":"<p>Le Centre Ressources Enfance-jeunesse et Handicap de la Jeunesse au Plein Air du Bas-Rhin organise une Journ\u00e9e d\u2019\u00c9change \u00e0 destination [&hellip;]<\/p>\n","protected":false},"author":3,"featured_media":1351,"comment_status":"closed","ping_status":"open","sticky":false,"template":"","format":"standard","meta":{"spay_email":"","jetpack_publicize_message":"","jetpack_is_tweetstorm":false,"jetpack_publicize_feature_enabled":true},"categories":[119,17,27],"tags":[],"jetpack_featured_media_url":"http:\/\/jpa67.fr\/fr\/wp-content\/uploads\/2018\/05\/Visuel-affiche-JPA-9-JUIN_A0-modif-1-1-pdf.jpg","jetpack_publicize_connections":[],"jetpack_sharing_enabled":true,"jetpack_shortlink":"https:\/\/wp.me\/p7mWfa-lK","jetpack-related-posts":[{"id":2327,"url":"http:\/\/jpa67.fr\/fr\/reunion-dinformations-3\/","url_meta":{"origin":1348,"position":0},"title":"R\u00e9union d\u2019informations","date":"17 janvier 2019","format":false,"excerpt":"R\u00e9union d\u2019informations \u2013 22 f\u00e9vrier 2019 L\u2019accompagnement des services d\u2019aide \u00e0 la personne dans les loisirs Le Centre Ressources Enfance-Jeunesse & Handicap (CREJH)\u00a0de la Jeunesse au Plein Air (JPA) du Bas-Rhin peut vous apporter des informations et des conseils pour un accueil en centre de loisirs, un d\u00e9part en colonie\u2026","rel":"","context":"Dans &quot;Centre Ressources Enfance-Jeunesse &amp; Handicap&quot;","img":{"alt_text":"affiche_reuInfos_fev2019","src":"https:\/\/i0.wp.com\/jpa67.fr\/fr\/wp-content\/uploads\/2019\/01\/affiche_reuInfos_fev2019.jpg?resize=350%2C200","width":350,"height":200},"classes":[]},{"id":224,"url":"http:\/\/jpa67.fr\/fr\/enfants-en-situation-de-handicap-nouveaux-dispositifs-solutions-actions\/","url_meta":{"origin":1348,"position":1},"title":"Enfants en situation de handicap : nouveaux dispositifs, solutions, actions","date":"13 mai 2016","format":false,"excerpt":"Participez \u00e0 une matin\u00e9e d'informations et de conseils, pour mieux aider les familles d'enfants en situation de handicap Six acteurs du handicap se r\u00e9unissent pour apporter leur expertise aux professionnels de l'accueil d'enfants en situation de handicap. Ces\u00a06 organismes seront pr\u00e9sents pour vous informer et vous conseiller : Maison D\u00e9partementale\u2026","rel":"","context":"Dans &quot;Centre Ressources Enfance-Jeunesse &amp; Handicap&quot;","img":{"alt_text":"","src":"https:\/\/i0.wp.com\/jpa67.fr\/fr\/wp-content\/uploads\/2016\/05\/journee-2-juin-2016.png?resize=350%2C200","width":350,"height":200},"classes":[]},{"id":2424,"url":"http:\/\/jpa67.fr\/fr\/reunion-dinformations-novembre-2019\/","url_meta":{"origin":1348,"position":2},"title":"R\u00e9union d&rsquo;informations &#8211; Novembre 2019","date":"16 octobre 2019","format":false,"excerpt":"R\u00e9union d\u2019informations \u2013 8 novembre 2019 Accueil en P\u00e9riscolaire (Midi\u2014Soir), en Centre de Loisirs, en Colonie de Vacances ou pr\u00e9parer un s\u00e9jour \u00ab\u00a0Famille\u00a0\u00bb Le Centre Ressources Enfance-Jeunesse & Handicap (CREJH)\u00a0de la Jeunesse au Plein Air (JPA) du Bas-Rhin peut vous apporter des informations et des conseils pour un accueil en\u2026","rel":"","context":"Dans &quot;Centre Ressources Enfance-Jeunesse &amp; Handicap&quot;","img":{"alt_text":"Affiche r\u00e9union d'infos 8 novembre 2019","src":"https:\/\/i0.wp.com\/jpa67.fr\/fr\/wp-content\/uploads\/2019\/10\/REUNION-INFO-8-NOVEMBRE-2019.jpg?resize=350%2C200","width":350,"height":200},"classes":[]},{"id":2413,"url":"http:\/\/jpa67.fr\/fr\/reunion-dinformations-4\/","url_meta":{"origin":1348,"position":3},"title":"R\u00e9union d&rsquo;informations","date":"3 septembre 2019","format":false,"excerpt":"R\u00e9union d\u2019informations \u2013 20 septembre 2019 Accueil en P\u00e9riscolaire (Midi\u2014Soir), en Centre de Loisirs, en Colonie de Vacances ou pr\u00e9parer un s\u00e9jour \u00ab\u00a0Famille\u00a0\u00bb Le Centre Ressources Enfance-Jeunesse & Handicap (CREJH)\u00a0de la Jeunesse au Plein Air (JPA) du Bas-Rhin peut vous apporter des informations et des conseils pour un accueil en\u2026","rel":"","context":"Dans &quot;Centre Ressources Enfance-Jeunesse &amp; Handicap&quot;","img":{"alt_text":"","src":"https:\/\/i0.wp.com\/jpa67.fr\/fr\/wp-content\/uploads\/2019\/09\/affiche_reuInfos_modifiable-20-09-2019.png?resize=350%2C200","width":350,"height":200},"classes":[]},{"id":1315,"url":"http:\/\/jpa67.fr\/fr\/reunion-dinformations-18-mai-2018\/","url_meta":{"origin":1348,"position":4},"title":"R\u00e9union d&rsquo;informations &#8211; 18 mai 2018","date":"5 avril 2018","format":false,"excerpt":"UN PROJET \"LOISIRS\" ? Le Centre Ressources Enfance-Jeunesse & Handicap (CREJH)\u00a0de la Jeunesse au Plein Air (JPA) du Bas-Rhin peut vous apporter des informations et des conseils pour un accueil en centre de loisirs, un d\u00e9part en colonie de vacances, besoin d'un temps de r\u00e9pit, etc... Nous vous proposons de\u2026","rel":"","context":"Dans &quot;Centre Ressources Enfance-Jeunesse &amp; Handicap&quot;","img":{"alt_text":"","src":"https:\/\/i0.wp.com\/jpa67.fr\/fr\/wp-content\/uploads\/2018\/03\/miseEnAvant_Wordpress.jpg?resize=350%2C200","width":350,"height":200},"classes":[]},{"id":1270,"url":"http:\/\/jpa67.fr\/fr\/reunion-dinformations-9-mars-2018\/","url_meta":{"origin":1348,"position":5},"title":"R\u00e9union d&rsquo;informations &#8211; 9 mars 2018","date":"5 mars 2018","format":false,"excerpt":"UN PROJET \"LOISIRS\" ? Le Centre Ressources Enfance-Jeunesse & Handicap (CREJH)\u00a0de la Jeunesse au Plein Air (JPA) du Bas-Rhin peut vous apporter des informations et des conseils pour un accueil en centre de loisirs, un d\u00e9part en colonie de vacances, besoin d'un temps de r\u00e9pit, etc... Nous vous proposons de\u2026","rel":"","context":"Dans &quot;archives&quot;","img":{"alt_text":"","src":"https:\/\/i0.wp.com\/jpa67.fr\/fr\/wp-content\/uploads\/2018\/03\/miseEnAvant_Wordpress.jpg?resize=350%2C200","width":350,"height":200},"classes":[]}],"_links":{"self":[{"href":"http:\/\/jpa67.fr\/fr\/wp-json\/wp\/v2\/posts\/1348"}],"collection":[{"href":"http:\/\/jpa67.fr\/fr\/wp-json\/wp\/v2\/posts"}],"about":[{"href":"http:\/\/jpa67.fr\/fr\/wp-json\/wp\/v2\/types\/post"}],"author":[{"embeddable":true,"href":"http:\/\/jpa67.fr\/fr\/wp-json\/wp\/v2\/users\/3"}],"replies":[{"embeddable":true,"href":"http:\/\/jpa67.fr\/fr\/wp-json\/wp\/v2\/comments?post=1348"}],"version-history":[{"count":7,"href":"http:\/\/jpa67.fr\/fr\/wp-json\/wp\/v2\/posts\/1348\/revisions"}],"predecessor-version":[{"id":1358,"href":"http:\/\/jpa67.fr\/fr\/wp-json\/wp\/v2\/posts\/1348\/revisions\/1358"}],"wp:featuredmedia":[{"embeddable":true,"href":"http:\/\/jpa67.fr\/fr\/wp-json\/wp\/v2\/media\/1351"}],"wp:attachment":[{"href":"http:\/\/jpa67.fr\/fr\/wp-json\/wp\/v2\/media?parent=1348"}],"wp:term":[{"taxonomy":"category","embeddable":true,"href":"http:\/\/jpa67.fr\/fr\/wp-json\/wp\/v2\/categories?post=1348"},{"taxonomy":"post_tag","embeddable":true,"href":"http:\/\/jpa67.fr\/fr\/wp-json\/wp\/v2\/tags?post=1348"}],"curies":[{"name":"wp","href":"https:\/\/api.w.org\/{rel}","templated":true}]}}