{"id":1363,"date":"2018-05-29T10:09:09","date_gmt":"2018-05-29T09:09:09","guid":{"rendered":"http:\/\/jpa67.fr\/fr\/?p=1363"},"modified":"2018-08-24T11:12:29","modified_gmt":"2018-08-24T10:12:29","slug":"cafe-des-parents","status":"publish","type":"post","link":"http:\/\/jpa67.fr\/fr\/cafe-des-parents\/","title":{"rendered":"Caf\u00e9 des parents"},"content":{"rendered":"<p>Le Centre Ressources Enfance &#8211; Jeunesse &amp; Handicap, port\u00e9 par la JPA67, vous propose tous les mois son \u00ab\u00a0Caf\u00e9 des parents\u00a0\u00bb !!<br \/>\nLa prochaine th\u00e9matique sera \u00a0\u00bb Loisirs en milieu ordinaire et \u00e9tablissements sp\u00e9cialis\u00e9s \u00a0\u00bb !<\/p>\n<p>Pour vous inscrire :\u00a0<a href=\"https:\/\/goo.gl\/forms\/kzILlUOctrXs3Vvq2\">CLIQUEZ ICI<\/a><\/p>\n<p>&nbsp;<\/p>\n<p><img loading=\"lazy\" class=\"alignnone wp-image-1498 size-full\" src=\"http:\/\/jpa67.fr\/fr\/wp-content\/uploads\/2018\/07\/visuel_mail_cafeParents_12septembre2018.jpg\" alt=\"\" width=\"1240\" height=\"1754\" srcset=\"http:\/\/jpa67.fr\/fr\/wp-content\/uploads\/2018\/07\/visuel_mail_cafeParents_12septembre2018.jpg 1240w, http:\/\/jpa67.fr\/fr\/wp-content\/uploads\/2018\/07\/visuel_mail_cafeParents_12septembre2018-212x300.jpg 212w, http:\/\/jpa67.fr\/fr\/wp-content\/uploads\/2018\/07\/visuel_mail_cafeParents_12septembre2018-768x1086.jpg 768w, http:\/\/jpa67.fr\/fr\/wp-content\/uploads\/2018\/07\/visuel_mail_cafeParents_12septembre2018-724x1024.jpg 724w\" sizes=\"(max-width: 1240px) 100vw, 1240px\" \/><\/p>\n","protected":false},"excerpt":{"rendered":"<p>Le Centre Ressources Enfance &#8211; Jeunesse &amp; Handicap, port\u00e9 par la JPA67, vous propose tous les mois son \u00ab\u00a0Caf\u00e9 des [&hellip;]<\/p>\n","protected":false},"author":3,"featured_media":1498,"comment_status":"closed","ping_status":"open","sticky":false,"template":"","format":"standard","meta":{"spay_email":"","jetpack_publicize_message":"","jetpack_is_tweetstorm":false,"jetpack_publicize_feature_enabled":true},"categories":[119,17,27],"tags":[],"jetpack_featured_media_url":"http:\/\/jpa67.fr\/fr\/wp-content\/uploads\/2018\/07\/visuel_mail_cafeParents_12septembre2018.jpg","jetpack_publicize_connections":[],"jetpack_sharing_enabled":true,"jetpack_shortlink":"https:\/\/wp.me\/p7mWfa-lZ","jetpack-related-posts":[{"id":1315,"url":"http:\/\/jpa67.fr\/fr\/reunion-dinformations-18-mai-2018\/","url_meta":{"origin":1363,"position":0},"title":"R\u00e9union d&rsquo;informations &#8211; 18 mai 2018","date":"5 avril 2018","format":false,"excerpt":"UN PROJET \"LOISIRS\" ? Le Centre Ressources Enfance-Jeunesse & Handicap (CREJH)\u00a0de la Jeunesse au Plein Air (JPA) du Bas-Rhin peut vous apporter des informations et des conseils pour un accueil en centre de loisirs, un d\u00e9part en colonie de vacances, besoin d'un temps de r\u00e9pit, etc... Nous vous proposons de\u2026","rel":"","context":"Dans &quot;Centre Ressources Enfance-Jeunesse &amp; Handicap&quot;","img":{"alt_text":"","src":"https:\/\/i0.wp.com\/jpa67.fr\/fr\/wp-content\/uploads\/2018\/03\/miseEnAvant_Wordpress.jpg?resize=350%2C200","width":350,"height":200},"classes":[]},{"id":1074,"url":"http:\/\/jpa67.fr\/fr\/reunion-dinformations\/","url_meta":{"origin":1363,"position":1},"title":"R\u00e9union d&rsquo;informations","date":"24 janvier 2018","format":false,"excerpt":"UN PROJET \"LOISIRS\" ? Le Centre Ressources Enfance-Jeunesse & Handicap (CREJH)\u00a0de la Jeunesse au Plein Air (JPA) du Bas-Rhin peut vous apporter des informations et des conseils pour un accueil en centre de loisirs, un d\u00e9part en colonie de vacances, besoin d'un temps de r\u00e9pit, etc... Nous vous proposons de\u2026","rel":"","context":"Dans &quot;Centre Ressources Enfance-Jeunesse &amp; Handicap&quot;","img":{"alt_text":"","src":"https:\/\/i0.wp.com\/jpa67.fr\/fr\/wp-content\/uploads\/2018\/01\/banniereCREJH_Final_vecto.png?resize=350%2C200","width":350,"height":200},"classes":[]},{"id":1270,"url":"http:\/\/jpa67.fr\/fr\/reunion-dinformations-9-mars-2018\/","url_meta":{"origin":1363,"position":2},"title":"R\u00e9union d&rsquo;informations &#8211; 9 mars 2018","date":"5 mars 2018","format":false,"excerpt":"UN PROJET \"LOISIRS\" ? Le Centre Ressources Enfance-Jeunesse & Handicap (CREJH)\u00a0de la Jeunesse au Plein Air (JPA) du Bas-Rhin peut vous apporter des informations et des conseils pour un accueil en centre de loisirs, un d\u00e9part en colonie de vacances, besoin d'un temps de r\u00e9pit, etc... Nous vous proposons de\u2026","rel":"","context":"Dans &quot;archives&quot;","img":{"alt_text":"","src":"https:\/\/i0.wp.com\/jpa67.fr\/fr\/wp-content\/uploads\/2018\/03\/miseEnAvant_Wordpress.jpg?resize=350%2C200","width":350,"height":200},"classes":[]},{"id":2275,"url":"http:\/\/jpa67.fr\/fr\/reunion-dinformations-2\/","url_meta":{"origin":1363,"position":3},"title":"R\u00e9union d&rsquo;informations","date":"13 septembre 2018","format":false,"excerpt":"R\u00e9union d\u2019informations \u2013 19 octobre 2018 UN PROJET \u00ab\u00a0LOISIRS\u00a0\u00bb ? Le Centre Ressources Enfance-Jeunesse & Handicap (CREJH)\u00a0de la Jeunesse au Plein Air (JPA) du Bas-Rhin peut vous apporter des informations et des conseils pour un accueil en centre de loisirs, un d\u00e9part en colonie de vacances, besoin d\u2019un temps de\u2026","rel":"","context":"Dans &quot;Centre Ressources Enfance-Jeunesse &amp; Handicap&quot;","img":{"alt_text":"","src":"https:\/\/i0.wp.com\/jpa67.fr\/fr\/wp-content\/uploads\/2018\/07\/affiche_reuInfos_sept.jpg?resize=350%2C200","width":350,"height":200},"classes":[]},{"id":2361,"url":"http:\/\/jpa67.fr\/fr\/questionnaire-a-destination-des-parents-denfants-en-situation-de-handicap\/","url_meta":{"origin":1363,"position":4},"title":"Questionnaire \u00e0 destination des parents d\u2019enfants en situation de handicap","date":"26 mars 2019","format":false,"excerpt":"LANCEMENT du questionnaire \u00e0 destination des parents d\u2019enfants en situation de handicap Ce questionnaire est \u00e0 destination des parents d'enfants en situation de handicap et est men\u00e9 par le Centre Ressources Enfance-Jeunesse & Handicap (CREJH) de la Jeunesse au Plein Air du Bas-Rhin (JPA67) avec l'appui de l'association HANDEO. L'objectif\u2026","rel":"","context":"Dans &quot;Centre Ressources Enfance-Jeunesse &amp; Handicap&quot;","img":{"alt_text":"","src":"https:\/\/i0.wp.com\/jpa67.fr\/fr\/wp-content\/uploads\/2019\/03\/Capture.png?resize=350%2C200","width":350,"height":200},"classes":[]},{"id":2327,"url":"http:\/\/jpa67.fr\/fr\/reunion-dinformations-3\/","url_meta":{"origin":1363,"position":5},"title":"R\u00e9union d\u2019informations","date":"17 janvier 2019","format":false,"excerpt":"R\u00e9union d\u2019informations \u2013 22 f\u00e9vrier 2019 L\u2019accompagnement des services d\u2019aide \u00e0 la personne dans les loisirs Le Centre Ressources Enfance-Jeunesse & Handicap (CREJH)\u00a0de la Jeunesse au Plein Air (JPA) du Bas-Rhin peut vous apporter des informations et des conseils pour un accueil en centre de loisirs, un d\u00e9part en colonie\u2026","rel":"","context":"Dans &quot;Centre Ressources Enfance-Jeunesse &amp; Handicap&quot;","img":{"alt_text":"affiche_reuInfos_fev2019","src":"https:\/\/i0.wp.com\/jpa67.fr\/fr\/wp-content\/uploads\/2019\/01\/affiche_reuInfos_fev2019.jpg?resize=350%2C200","width":350,"height":200},"classes":[]}],"_links":{"self":[{"href":"http:\/\/jpa67.fr\/fr\/wp-json\/wp\/v2\/posts\/1363"}],"collection":[{"href":"http:\/\/jpa67.fr\/fr\/wp-json\/wp\/v2\/posts"}],"about":[{"href":"http:\/\/jpa67.fr\/fr\/wp-json\/wp\/v2\/types\/post"}],"author":[{"embeddable":true,"href":"http:\/\/jpa67.fr\/fr\/wp-json\/wp\/v2\/users\/3"}],"replies":[{"embeddable":true,"href":"http:\/\/jpa67.fr\/fr\/wp-json\/wp\/v2\/comments?post=1363"}],"version-history":[{"count":5,"href":"http:\/\/jpa67.fr\/fr\/wp-json\/wp\/v2\/posts\/1363\/revisions"}],"predecessor-version":[{"id":1613,"href":"http:\/\/jpa67.fr\/fr\/wp-json\/wp\/v2\/posts\/1363\/revisions\/1613"}],"wp:featuredmedia":[{"embeddable":true,"href":"http:\/\/jpa67.fr\/fr\/wp-json\/wp\/v2\/media\/1498"}],"wp:attachment":[{"href":"http:\/\/jpa67.fr\/fr\/wp-json\/wp\/v2\/media?parent=1363"}],"wp:term":[{"taxonomy":"category","embeddable":true,"href":"http:\/\/jpa67.fr\/fr\/wp-json\/wp\/v2\/categories?post=1363"},{"taxonomy":"post_tag","embeddable":true,"href":"http:\/\/jpa67.fr\/fr\/wp-json\/wp\/v2\/tags?post=1363"}],"curies":[{"name":"wp","href":"https:\/\/api.w.org\/{rel}","templated":true}]}}