{"id":2243,"date":"2018-09-03T07:56:57","date_gmt":"2018-09-03T06:56:57","guid":{"rendered":"http:\/\/jpa67.fr\/fr\/?p=2243"},"modified":"2018-09-03T07:56:57","modified_gmt":"2018-09-03T06:56:57","slug":"actions-envacances","status":"publish","type":"post","link":"http:\/\/jpa67.fr\/fr\/actions-envacances\/","title":{"rendered":"Actions #EnVacances"},"content":{"rendered":"<p>Quand une s\u00e9natrice fait part des propositions faites par la Jeunesse au Plein Air, Solidarit\u00e9 La\u00efques et l\u2019UNAT, au gouvernement, on se dit que notre action a un sens et donne envie de continuer.<\/p>\n<p>Merci \u00e0 Mme la s\u00e9natrice Marie-Pierre MONIER pour son intervention et Mr le s\u00e9nateur Jacques BIGOT pour nous avoir re\u00e7u et de nous avoir transmis la r\u00e9ponse minist\u00e9rielle.<\/p>\n<p>Lire l\u2019\u00e9change ci-dessous ou en suivant ce lien :<\/p>\n<p><a href=\"http:\/\/www.senat.fr\/seances\/s201807\/s20180724\/s20180724014.html#int1754\">http:\/\/www.senat.fr\/seances\/s201807\/s20180724\/s20180724014.html#int1754<\/a><\/p>\n<hr \/>\n<p>DROIT AUX VACANCES POUR LES JEUNES<br \/>\nM. le pr\u00e9sident. La parole est \u00e0 Mme Marie-Pierre Monier, pour le groupe socialiste et r\u00e9publicain.(Applaudissements sur des trav\u00e9es du groupe socialiste et r\u00e9publicain.)<br \/>\nMme Marie-Pierre Monier. Ma question s\u2019adresse \u00e0 M. le ministre de l\u2019\u00e9ducation nationale.<br \/>\nJe ne vais pas parler de l\u2019affaire Benalla, mais des 22 millions de nos concitoyens, dont 3 millions d\u2019enfants, qui ne partent pas en vacances, soit 36 % de la population.<br \/>\nCette situation est celle de la France en 2018, et c\u2019est inacceptable. Ainsi, un tiers des 15\u201324 ans, une personne handicap\u00e9e sur trois ou encore un enfant issu d\u2019une famille d\u2019ouvriers sur deux n\u2019ont pas acc\u00e8s aux vacances.<br \/>\nPr\u00e9carisation croissante des m\u00e9nages les plus modestes, ch\u00f4mage des jeunes, baisse des aides : on assiste depuis plusieurs ann\u00e9es \u00e0 un recul de la r\u00e9alisation du droit aux vacances, un droit pourtant inscrit dans plusieurs textes, notamment dans la D\u00e9claration universelle des droits de l\u2019homme de 1948.<br \/>\nCe droit est fondamental, notamment pour la jeunesse. Il est facteur d\u2019inclusion sociale et d\u2019\u00e9panouissement, mais c\u2019est aussi un enjeu de sant\u00e9 publique et un apport \u00e9conomique indispensable. Les vacances font partie du cursus \u00e9ducatif. C\u2019est d\u00e9j\u00e0 l\u2019apprentissage de l\u2019autonomie et du vivre ensemble.<br \/>\nJe souhaite saluer l\u2019engagement des associations d\u2019\u00e9ducation populaire, et notamment du Secours populaire, qui font un travail remarquable et permettent \u00e0 de nombreux enfants issus de familles modestes de partir en vacances une fois dans l\u2019ann\u00e9e. Dans la Dr\u00f4me, par exemple, la F\u00e9d\u00e9ration des \u0153uvres la\u00efques permet \u00e0 1 200 enfants de partir en colonie de vacances.<br \/>\nMais cette ann\u00e9e, avec la diminution drastique des contrats aid\u00e9s et la mise en place trop tardive des parcours emploi comp\u00e9tences, ces associations voient leur budget mis \u00e0 mal. Pourtant, sans elles, beaucoup de ces enfants n\u2019auraient m\u00eame pas droit \u00e0 un souvenir de vacances.<br \/>\nMonsieur le ministre, \u00eates-vous favorable, comme le proposent conjointement La Jeunesse au plein air, l\u2019Union nationale des associations de tourisme, l\u2019UNAT, et Solidarit\u00e9 la\u00efque, \u00e0 la cr\u00e9ation d\u2019un fonds pour financer le d\u00e9part des 3 millions d\u2019enfants totalement exclus du droit aux vacances ?<br \/>\nQuelles mesures le Gouvernement compte-t-il mettre en place pour lutter contre ces exclusions et int\u00e9grer davantage le droit aux vacances dans les politiques familiales, sociales et de jeunesse ? (Applaudissements sur les trav\u00e9es du groupe socialiste et r\u00e9publicain et du groupe communiste r\u00e9publicain citoyen et \u00e9cologiste.)<br \/>\nM. le pr\u00e9sident. La parole est \u00e0 M. le ministre de l\u2019\u00e9ducation nationale.<br \/>\nM. Jean-Michel Blanquer, ministre de l\u2019\u00e9ducation nationale. Madame la s\u00e9natrice Marie-Pierre Monier, je vous remercie pour cette question tr\u00e8s importante qui est \u00e0 la fois d\u2019actualit\u00e9, puisque nous sommes dans la p\u00e9riode des vacances, et structurelle.<br \/>\nJe suis d\u2019accord avec l\u2019essentiel des termes de votre question. Il y a en effet un probl\u00e8me social concernant le d\u00e9part des enfants en vacances.<br \/>\nCe probl\u00e8me n\u2019est pas nouveau. Vous l\u2019avez rappel\u00e9, si l\u2019on regarde l\u2019\u00e9volution depuis le d\u00e9but de la d\u00e9cennie, il y a beaucoup moins d\u2019enfants qui partent en colonie de vacances chaque ann\u00e9e. Il faut donc s\u2019interroger sur ce ph\u00e9nom\u00e8ne au plan tant quantitatif que qualitatif.<br \/>\nEnviron 1,5 million d\u2019enfants partent en colonie chaque ann\u00e9e. Ils \u00e9taient 300 000 de plus au d\u00e9but de la d\u00e9cennie. Ce que nous voyons aussi, en regardant les chiffres et les donn\u00e9es, c\u2019est qu\u2019il y a de moins en moins de mixit\u00e9 sociale. En effet, l\u2019offre de vacances pour les enfants est souvent payante, et n\u2019est parfois pas attractive du point de vue de certaines familles.<br \/>\nNous avons donc lanc\u00e9 des enqu\u00eates afin de mieux comprendre l\u2019attitude des familles en la mati\u00e8re, et ce qui emp\u00eache certains enfants de partir. C\u2019est pourquoi, aussi, nous avons lanc\u00e9 une campagne de promotion pour les colonies de vacances au cours des derniers mois.<br \/>\nPour ces raisons, je suis favorable aux propositions faites par les associations que vous avez cit\u00e9es, et avec lesquelles nous devons poursuivre le travail r\u00e9alis\u00e9, de fa\u00e7on \u00e0 inverser la tendance au cours des prochaines ann\u00e9es. Pour y r\u00e9ussir, il faut un diagnostic juste ; c\u2019est ce que nous sommes en train de faire. Il faut aussi que nous regroupions davantage les moyens publics et priv\u00e9s, ceux des collectivit\u00e9s locales et de l\u2019\u00c9tat, afin de pouvoir mener une action sociale vis-\u00e0-vis des enfants.<br \/>\nCela commencera l\u2019ann\u00e9e prochaine, avec le plan Mercredi, qui traduit un nouvel \u00e9lan du p\u00e9riscolaire. Nous mettrons plus de moyens, avec les caisses d\u2019allocations familiales en particulier, pour les activit\u00e9s p\u00e9riscolaires des enfants le mercredi. Cela continuera avec les activit\u00e9s extrascolaires et les vacances. Je m\u2019y engage. (Applaudissements sur les trav\u00e9es du groupe La R\u00e9publique En Marche et sur des trav\u00e9es du groupe socialiste et r\u00e9publicain. \u2013 Mme Mich\u00e8le Vullien applaudit \u00e9galement.)<br \/>\nM. le pr\u00e9sident. Merci, monsieur le Premier ministre, mesdames, messieurs les ministres.<br \/>\nNous en avons termin\u00e9 avec les questions d\u2019actualit\u00e9 au Gouvernement.<br \/>\nMes chers coll\u00e8gues, nous allons maintenant interrompre nos travaux quelques instants.<br \/>\nLa s\u00e9ance est suspendue.<br \/>\n(La s\u00e9ance, suspendue \u00e0 dix-sept heures quarante-cinq, est reprise \u00e0 dix-sept heures cinquante, sous la pr\u00e9sidence de Mme Catherine Troendl\u00e9.)<\/p>\n","protected":false},"excerpt":{"rendered":"<p>Quand une s\u00e9natrice fait part des propositions faites par la Jeunesse au Plein Air, Solidarit\u00e9 La\u00efques et l\u2019UNAT, au gouvernement, [&hellip;]<\/p>\n","protected":false},"author":3,"featured_media":2244,"comment_status":"closed","ping_status":"open","sticky":false,"template":"","format":"standard","meta":{"spay_email":"","jetpack_publicize_message":"","jetpack_is_tweetstorm":false,"jetpack_publicize_feature_enabled":true},"categories":[3,27],"tags":[],"jetpack_featured_media_url":"http:\/\/jpa67.fr\/fr\/wp-content\/uploads\/2018\/09\/EnVacances-.jpg","jetpack_publicize_connections":[],"jetpack_sharing_enabled":true,"jetpack_shortlink":"https:\/\/wp.me\/p7mWfa-Ab","jetpack-related-posts":[{"id":98,"url":"http:\/\/jpa67.fr\/fr\/demarrage-de-la-campagne-eleves-solidaires-2016\/","url_meta":{"origin":2243,"position":0},"title":"Lancement de la Campagne de Solidarit\u00e9 2017","date":"19 janvier 2017","format":false,"excerpt":"Salle comble au Coll\u00e8ge Galil\u00e9e et belle ambiance. En plus du Coll\u00e8ge qui nous a accueillis (merci Madame Morel), des \u00e9l\u00e8ves du Coll\u00e8ge Maxime Alexandre et de l'Ecole El\u00e9mentaire des Pr\u00e9s ont pr\u00e9sent\u00e9 des chants et des travaux. Mme la Rectrice \u00e9tait repr\u00e9sent\u00e9e par M. Dickel\u00e9 et M. Bur, Maire\u2026","rel":"","context":"Dans &quot;Campagne El\u00e8ves Solidaires&quot;","img":{"alt_text":"","src":"https:\/\/i0.wp.com\/jpa67.fr\/fr\/wp-content\/uploads\/2016\/01\/IMG_0629-b.jpg?resize=350%2C200","width":350,"height":200},"classes":[]},{"id":1348,"url":"http:\/\/jpa67.fr\/fr\/journee-dechange-9-juin-2018\/","url_meta":{"origin":2243,"position":1},"title":"Journ\u00e9e d&rsquo;\u00c9change &#8211; 9 juin 2018","date":"25 mai 2018","format":false,"excerpt":"Le Centre Ressources Enfance-jeunesse et Handicap de la Jeunesse au Plein Air du Bas-Rhin organise une Journ\u00e9e d\u2019\u00c9change \u00e0 destination des familles et des professionnels. L\u2019entr\u00e9e est sur inscription, vous pouvez soit vous inscrire en ligne en suivant ce lien : inscription en ligne Ou t\u00e9l\u00e9charger la plaquette et le\u2026","rel":"","context":"Dans &quot;Centre Ressources Enfance-Jeunesse &amp; Handicap&quot;","img":{"alt_text":"","src":"","width":0,"height":0},"classes":[]},{"id":822,"url":"http:\/\/jpa67.fr\/fr\/remise-des-prix-fondation-sncf-2016\/","url_meta":{"origin":2243,"position":2},"title":"Remise des prix \u00ab Fondation SNCF 2016 \u00bb","date":"11 d\u00e9cembre 2016","format":false,"excerpt":"Apr\u00e8s une aide financi\u00e8re en 2015, la Fondation SNCF nous a accord\u00e9 cette ann\u00e9e un m\u00e9c\u00e9nat de comp\u00e9tences, sous deux formes. D\u2019abord, au mois de juillet, Jean-Luc Poussin, salari\u00e9 de la SNCF et excellent photographe, a r\u00e9alis\u00e9 pour nous plus de 4000 photos et plusieurs vid\u00e9os sur la vie dans\u2026","rel":"","context":"Dans &quot;Informations g\u00e9n\u00e9rales&quot;","img":{"alt_text":"","src":"https:\/\/i0.wp.com\/jpa67.fr\/fr\/wp-content\/uploads\/2016\/12\/Photo-de-groupe15.jpg?resize=350%2C200","width":350,"height":200},"classes":[]},{"id":1324,"url":"http:\/\/jpa67.fr\/fr\/recherche-daccompagnateurs-individuels\/","url_meta":{"origin":2243,"position":3},"title":"Recherche d&rsquo;accompagnateurs individuels","date":"12 avril 2018","format":false,"excerpt":"Nous recherchons des accompagnateurs individuels pour des enfants en situation de handicap (Accompagnement en Colonies de vacances en milieu ordinaire) \u00a0 Le Centre Ressources Enfance - Jeunesse & Handicap (CREJH) de la Jeunesse au Plein Air du Bas-Rhin a pour mission de faciliter\u00a0l'accueil des enfants en situation de handicap, dans\u2026","rel":"","context":"Dans &quot;Centre Ressources Enfance-Jeunesse &amp; Handicap&quot;","img":{"alt_text":"","src":"https:\/\/i0.wp.com\/jpa67.fr\/fr\/wp-content\/uploads\/2018\/03\/miseEnAvant_Wordpress.jpg?resize=350%2C200","width":350,"height":200},"classes":[]},{"id":1315,"url":"http:\/\/jpa67.fr\/fr\/reunion-dinformations-18-mai-2018\/","url_meta":{"origin":2243,"position":4},"title":"R\u00e9union d&rsquo;informations &#8211; 18 mai 2018","date":"5 avril 2018","format":false,"excerpt":"UN PROJET \"LOISIRS\" ? Le Centre Ressources Enfance-Jeunesse & Handicap (CREJH)\u00a0de la Jeunesse au Plein Air (JPA) du Bas-Rhin peut vous apporter des informations et des conseils pour un accueil en centre de loisirs, un d\u00e9part en colonie de vacances, besoin d'un temps de r\u00e9pit, etc... Nous vous proposons de\u2026","rel":"","context":"Dans &quot;Centre Ressources Enfance-Jeunesse &amp; Handicap&quot;","img":{"alt_text":"","src":"https:\/\/i0.wp.com\/jpa67.fr\/fr\/wp-content\/uploads\/2018\/03\/miseEnAvant_Wordpress.jpg?resize=350%2C200","width":350,"height":200},"classes":[]},{"id":1074,"url":"http:\/\/jpa67.fr\/fr\/reunion-dinformations\/","url_meta":{"origin":2243,"position":5},"title":"R\u00e9union d&rsquo;informations","date":"24 janvier 2018","format":false,"excerpt":"UN PROJET \"LOISIRS\" ? Le Centre Ressources Enfance-Jeunesse & Handicap (CREJH)\u00a0de la Jeunesse au Plein Air (JPA) du Bas-Rhin peut vous apporter des informations et des conseils pour un accueil en centre de loisirs, un d\u00e9part en colonie de vacances, besoin d'un temps de r\u00e9pit, etc... Nous vous proposons de\u2026","rel":"","context":"Dans &quot;Centre Ressources Enfance-Jeunesse &amp; Handicap&quot;","img":{"alt_text":"","src":"https:\/\/i0.wp.com\/jpa67.fr\/fr\/wp-content\/uploads\/2018\/01\/banniereCREJH_Final_vecto.png?resize=350%2C200","width":350,"height":200},"classes":[]}],"_links":{"self":[{"href":"http:\/\/jpa67.fr\/fr\/wp-json\/wp\/v2\/posts\/2243"}],"collection":[{"href":"http:\/\/jpa67.fr\/fr\/wp-json\/wp\/v2\/posts"}],"about":[{"href":"http:\/\/jpa67.fr\/fr\/wp-json\/wp\/v2\/types\/post"}],"author":[{"embeddable":true,"href":"http:\/\/jpa67.fr\/fr\/wp-json\/wp\/v2\/users\/3"}],"replies":[{"embeddable":true,"href":"http:\/\/jpa67.fr\/fr\/wp-json\/wp\/v2\/comments?post=2243"}],"version-history":[{"count":4,"href":"http:\/\/jpa67.fr\/fr\/wp-json\/wp\/v2\/posts\/2243\/revisions"}],"predecessor-version":[{"id":2248,"href":"http:\/\/jpa67.fr\/fr\/wp-json\/wp\/v2\/posts\/2243\/revisions\/2248"}],"wp:featuredmedia":[{"embeddable":true,"href":"http:\/\/jpa67.fr\/fr\/wp-json\/wp\/v2\/media\/2244"}],"wp:attachment":[{"href":"http:\/\/jpa67.fr\/fr\/wp-json\/wp\/v2\/media?parent=2243"}],"wp:term":[{"taxonomy":"category","embeddable":true,"href":"http:\/\/jpa67.fr\/fr\/wp-json\/wp\/v2\/categories?post=2243"},{"taxonomy":"post_tag","embeddable":true,"href":"http:\/\/jpa67.fr\/fr\/wp-json\/wp\/v2\/tags?post=2243"}],"curies":[{"name":"wp","href":"https:\/\/api.w.org\/{rel}","templated":true}]}}