{"id":2361,"date":"2019-03-26T13:06:11","date_gmt":"2019-03-26T12:06:11","guid":{"rendered":"http:\/\/jpa67.fr\/fr\/?p=2361"},"modified":"2019-03-26T13:06:11","modified_gmt":"2019-03-26T12:06:11","slug":"questionnaire-a-destination-des-parents-denfants-en-situation-de-handicap","status":"publish","type":"post","link":"http:\/\/jpa67.fr\/fr\/questionnaire-a-destination-des-parents-denfants-en-situation-de-handicap\/","title":{"rendered":"Questionnaire \u00e0 destination des parents d\u2019enfants en situation de handicap"},"content":{"rendered":"<p>LANCEMENT du questionnaire \u00e0 destination des parents d\u2019enfants en situation de handicap<\/p>\n<p>Ce questionnaire est \u00e0 destination des parents d&rsquo;enfants en situation de handicap et est men\u00e9 par le Centre Ressources Enfance-Jeunesse &amp; Handicap (CREJH) de la Jeunesse au Plein Air du Bas-Rhin (JPA67) avec l&rsquo;appui de l&rsquo;association HANDEO.<\/p>\n<div class=\"text_exposed_show\">\n<p>L&rsquo;objectif de cette enqu\u00eate est de r\u00e9aliser un diagnostic pour conna\u00eetre les attentes\/les besoins des parents concernant l&rsquo;acc\u00e8s aux loisirs de leurs enfants en situation de handicap. La finalit\u00e9 de notre d\u00e9marche est de d\u00e9velopper, d&rsquo;accompagner et d&rsquo;am\u00e9liorer la r\u00e9alisation du projet de VIE \u00ab partie loisirs \u00bb de l&rsquo;enfant.<\/p>\n<p>Le D\u00e9fenseur des droits qui a parrain\u00e9 la Mission Nationale ACCUEILS DE LOISIRS &amp; HANDICAP a rappel\u00e9 que l\u2019acc\u00e8s de tout enfant aux loisirs est un droit fondamental consacr\u00e9 par les Conventions internationales (CIDE et CIDPH) et constitue une obligation nationale. Or, malgr\u00e9 les efforts accomplis ces derni\u00e8res ann\u00e9es, et comme le r\u00e9v\u00e8le notamment les r\u00e9clamations adress\u00e9es au D\u00e9fenseur des droits l\u2019acc\u00e8s effectif des enfants en situation de handicap aux accueils de loisirs sans h\u00e9bergement, en compl\u00e9ment de l\u2019\u00e9cole ou de l\u2019\u00e9tablissement, reste encore probl\u00e9matique pour de nombreuses familles, dans notre pays, contraignant un des parents \u00e0 r\u00e9duire ou cesser leur activit\u00e9 professionnelle.<\/p>\n<p>Lien pour acc\u00e9der au questionnaire<br \/>\n<a href=\"https:\/\/docs.google.com\/forms\/d\/e\/1FAIpQLSdWfM49jOpa-RMUCcrqW_E5AhdQkbUCiIz9PDsJ3cy813zwQA\/viewform?fbclid=IwAR17j0ecO-IZ5hWImWG3IPgDFi2wDk7Bf5ZZZVbliJaoOoTOemnEXwzEVPI\" target=\"_blank\" rel=\"noopener nofollow\" data-ft=\"{&quot;tn&quot;:&quot;-U&quot;}\" data-lynx-mode=\"async\" data-lynx-uri=\"https:\/\/l.facebook.com\/l.php?u=https%3A%2F%2Fdocs.google.com%2Fforms%2Fd%2Fe%2F1FAIpQLSdWfM49jOpa-RMUCcrqW_E5AhdQkbUCiIz9PDsJ3cy813zwQA%2Fviewform%3Ffbclid%3DIwAR17j0ecO-IZ5hWImWG3IPgDFi2wDk7Bf5ZZZVbliJaoOoTOemnEXwzEVPI&amp;h=AT146O79COjwgVoMD3lxzv6-Mdmx5AM2h2YGA64LkFQgks5CjLDp6xwdlQnrnfvV8pMqoEugjzqVXnaZiPacCJLedEan1chg9SQlVHmay2r-18CTWhrM9wlNxq4VZO2ioEs-vyC5VQT5j_4uwI_EZqWMIXaW2XJjh-fN-S-Agh4XN-uVAVCg0m1L7c_pabmUSwmKd4afBLqAq7A3uZX09wqaJUswMippF6r9VYNXtlpZQr5JbOzrJE9lf02kFHqId0L9YYQavCfQ6BRtAsben7QA7QQ1_cYXkJl6gcfYEK26sgVcdhf1udQz6EK13gcar2TupOgOWVl7UAkxlj-sljxWjHCq0PpovTYEEgNOS6aEhFlMGsizK0R36Al_6Jo8o6fAZa5KCe-8Xb8FYyDaao0ZpzHhurmqJP4O6aUvnMxoSzGawNtBVGEh1-cCFX-z42Gi6DyHSLp-ru4GyE8BZvNOkvhULysmwB6mjQBkmTMvFEudwXZfkTlL7L8MsVr2mY5gUFX-5jhupUfBlC4tlTIgIBkbaZp4bhdNZYUqpffHG6siphbxTRlc1eLMzPEhWIqvsmr0cHA25JbfWRAnC-yaKT2MeaBJtAm5Ed-TlA7GXiJOZOEvIjfhJoWcYPD_wRclTJXD\">https:\/\/docs.google.com\/\u2026\/1FAIpQLSdWfM49jOpa-RMUCc\u2026\/viewform<\/a><\/p>\n<p>Le Centre Ressources Enfance-Jeunesse &amp; Handicap vous remercie par avance pour votre contribution.<\/p>\n<p>Pour toutes informations compl\u00e9mentaires vous pouvez nous contacter au 03.88.65.46.40 \/ loisirs.handicap@jpa67.fr<\/p>\n<p>Consignes :<br \/>\n&#8211; Il faut remplir 1 questionnaire par enfant en situation de handicap.<br \/>\n&#8211; Vous pouvez remplir plusieurs fois le questionnaire selon le nombre d\u2019enfants concern\u00e9s.<br \/>\n&#8211; Le questionnaire est confidentiel.<br \/>\n&#8211; Aucune exploitation individuelle ne sera faite du questionnaire.<br \/>\n&#8211; Certaines questions peuvent amener plusieurs r\u00e9ponses<\/p>\n<\/div>\n","protected":false},"excerpt":{"rendered":"<p>LANCEMENT du questionnaire \u00e0 destination des parents d\u2019enfants en situation de handicap Ce questionnaire est \u00e0 destination des parents d&rsquo;enfants [&hellip;]<\/p>\n","protected":false},"author":3,"featured_media":2362,"comment_status":"closed","ping_status":"open","sticky":false,"template":"","format":"standard","meta":{"spay_email":"","jetpack_publicize_message":"","jetpack_is_tweetstorm":false,"jetpack_publicize_feature_enabled":true},"categories":[119],"tags":[],"jetpack_featured_media_url":"http:\/\/jpa67.fr\/fr\/wp-content\/uploads\/2019\/03\/Capture.png","jetpack_publicize_connections":[],"jetpack_sharing_enabled":true,"jetpack_shortlink":"https:\/\/wp.me\/p7mWfa-C5","jetpack-related-posts":[{"id":224,"url":"http:\/\/jpa67.fr\/fr\/enfants-en-situation-de-handicap-nouveaux-dispositifs-solutions-actions\/","url_meta":{"origin":2361,"position":0},"title":"Enfants en situation de handicap : nouveaux dispositifs, solutions, actions","date":"13 mai 2016","format":false,"excerpt":"Participez \u00e0 une matin\u00e9e d'informations et de conseils, pour mieux aider les familles d'enfants en situation de handicap Six acteurs du handicap se r\u00e9unissent pour apporter leur expertise aux professionnels de l'accueil d'enfants en situation de handicap. Ces\u00a06 organismes seront pr\u00e9sents pour vous informer et vous conseiller : Maison D\u00e9partementale\u2026","rel":"","context":"Dans &quot;Centre Ressources Enfance-Jeunesse &amp; Handicap&quot;","img":{"alt_text":"","src":"https:\/\/i0.wp.com\/jpa67.fr\/fr\/wp-content\/uploads\/2016\/05\/journee-2-juin-2016.png?resize=350%2C200","width":350,"height":200},"classes":[]},{"id":1348,"url":"http:\/\/jpa67.fr\/fr\/journee-dechange-9-juin-2018\/","url_meta":{"origin":2361,"position":1},"title":"Journ\u00e9e d&rsquo;\u00c9change &#8211; 9 juin 2018","date":"25 mai 2018","format":false,"excerpt":"Le Centre Ressources Enfance-jeunesse et Handicap de la Jeunesse au Plein Air du Bas-Rhin organise une Journ\u00e9e d\u2019\u00c9change \u00e0 destination des familles et des professionnels. L\u2019entr\u00e9e est sur inscription, vous pouvez soit vous inscrire en ligne en suivant ce lien : inscription en ligne Ou t\u00e9l\u00e9charger la plaquette et le\u2026","rel":"","context":"Dans &quot;Centre Ressources Enfance-Jeunesse &amp; Handicap&quot;","img":{"alt_text":"","src":"","width":0,"height":0},"classes":[]},{"id":994,"url":"http:\/\/jpa67.fr\/fr\/accompagner-au-mieux-les-parents-denfants-en-situation-de-handicap\/","url_meta":{"origin":2361,"position":2},"title":"Accompagner au mieux les parents d\u2019enfants en situation de handicap","date":"28 novembre 2017","format":false,"excerpt":"\u00a0 UN PROJET \"LOISIR\" ? L'Espace Ressources \"Loisirs et Handicap\" (ERLH) de la Jeunesse au Plein Air (JPA) du Bas-Rhin peut vous apporter des informations et des conseils pour un accueil en centre de loisirs, un d\u00e9part en colonie de vacances, besoin d'un temps de r\u00e9pit, etc... Nous vous proposons\u2026","rel":"","context":"Dans &quot;Centre Ressources Enfance-Jeunesse &amp; Handicap&quot;","img":{"alt_text":"","src":"","width":0,"height":0},"classes":[]},{"id":2375,"url":"http:\/\/jpa67.fr\/fr\/enquete-a-destination-des-responsables-dacem\/","url_meta":{"origin":2361,"position":3},"title":"Enqu\u00eate \u00e0 destination des\u00a0responsables d&rsquo;ACEM","date":"29 avril 2019","format":false,"excerpt":"Dans la continuit\u00e9 du travail r\u00e9alis\u00e9 par la Mission Nationale \u00ab Accueils de Loisirs & Handicap \u00bb, le Centre Ressources Enfance-Jeunesse & Handicap (CREJH) de la JPA67 souhaite faire un \u00e9tat des lieux de l\u2019inclusion d\u2019enfants en situation de handicap dans les diff\u00e9rents accueils du Bas-Rhin. Pour cela nous lan\u00e7ons\u2026","rel":"","context":"Dans &quot;Centre Ressources Enfance-Jeunesse &amp; Handicap&quot;","img":{"alt_text":"","src":"https:\/\/i0.wp.com\/jpa67.fr\/fr\/wp-content\/uploads\/2019\/04\/image-enquete.png?resize=350%2C200","width":350,"height":200},"classes":[]},{"id":1315,"url":"http:\/\/jpa67.fr\/fr\/reunion-dinformations-18-mai-2018\/","url_meta":{"origin":2361,"position":4},"title":"R\u00e9union d&rsquo;informations &#8211; 18 mai 2018","date":"5 avril 2018","format":false,"excerpt":"UN PROJET \"LOISIRS\" ? Le Centre Ressources Enfance-Jeunesse & Handicap (CREJH)\u00a0de la Jeunesse au Plein Air (JPA) du Bas-Rhin peut vous apporter des informations et des conseils pour un accueil en centre de loisirs, un d\u00e9part en colonie de vacances, besoin d'un temps de r\u00e9pit, etc... Nous vous proposons de\u2026","rel":"","context":"Dans &quot;Centre Ressources Enfance-Jeunesse &amp; Handicap&quot;","img":{"alt_text":"","src":"https:\/\/i0.wp.com\/jpa67.fr\/fr\/wp-content\/uploads\/2018\/03\/miseEnAvant_Wordpress.jpg?resize=350%2C200","width":350,"height":200},"classes":[]},{"id":1074,"url":"http:\/\/jpa67.fr\/fr\/reunion-dinformations\/","url_meta":{"origin":2361,"position":5},"title":"R\u00e9union d&rsquo;informations","date":"24 janvier 2018","format":false,"excerpt":"UN PROJET \"LOISIRS\" ? Le Centre Ressources Enfance-Jeunesse & Handicap (CREJH)\u00a0de la Jeunesse au Plein Air (JPA) du Bas-Rhin peut vous apporter des informations et des conseils pour un accueil en centre de loisirs, un d\u00e9part en colonie de vacances, besoin d'un temps de r\u00e9pit, etc... Nous vous proposons de\u2026","rel":"","context":"Dans &quot;Centre Ressources Enfance-Jeunesse &amp; Handicap&quot;","img":{"alt_text":"","src":"https:\/\/i0.wp.com\/jpa67.fr\/fr\/wp-content\/uploads\/2018\/01\/banniereCREJH_Final_vecto.png?resize=350%2C200","width":350,"height":200},"classes":[]}],"_links":{"self":[{"href":"http:\/\/jpa67.fr\/fr\/wp-json\/wp\/v2\/posts\/2361"}],"collection":[{"href":"http:\/\/jpa67.fr\/fr\/wp-json\/wp\/v2\/posts"}],"about":[{"href":"http:\/\/jpa67.fr\/fr\/wp-json\/wp\/v2\/types\/post"}],"author":[{"embeddable":true,"href":"http:\/\/jpa67.fr\/fr\/wp-json\/wp\/v2\/users\/3"}],"replies":[{"embeddable":true,"href":"http:\/\/jpa67.fr\/fr\/wp-json\/wp\/v2\/comments?post=2361"}],"version-history":[{"count":2,"href":"http:\/\/jpa67.fr\/fr\/wp-json\/wp\/v2\/posts\/2361\/revisions"}],"predecessor-version":[{"id":2374,"href":"http:\/\/jpa67.fr\/fr\/wp-json\/wp\/v2\/posts\/2361\/revisions\/2374"}],"wp:featuredmedia":[{"embeddable":true,"href":"http:\/\/jpa67.fr\/fr\/wp-json\/wp\/v2\/media\/2362"}],"wp:attachment":[{"href":"http:\/\/jpa67.fr\/fr\/wp-json\/wp\/v2\/media?parent=2361"}],"wp:term":[{"taxonomy":"category","embeddable":true,"href":"http:\/\/jpa67.fr\/fr\/wp-json\/wp\/v2\/categories?post=2361"},{"taxonomy":"post_tag","embeddable":true,"href":"http:\/\/jpa67.fr\/fr\/wp-json\/wp\/v2\/tags?post=2361"}],"curies":[{"name":"wp","href":"https:\/\/api.w.org\/{rel}","templated":true}]}}