{"id":2371,"date":"2019-04-18T08:54:04","date_gmt":"2019-04-18T07:54:04","guid":{"rendered":"http:\/\/jpa67.fr\/fr\/?p=2371"},"modified":"2019-04-18T08:54:04","modified_gmt":"2019-04-18T07:54:04","slug":"recherche-dillustrateur","status":"publish","type":"post","link":"http:\/\/jpa67.fr\/fr\/recherche-dillustrateur\/","title":{"rendered":"Recherche d&rsquo;illustrateur !"},"content":{"rendered":"<p>Le Centre Ressources Enfance-Jeunesse &amp; Handicap de la JPA du Bas-Rhin recherche un\u00b7e illustrat\u00b7eur\u00b7trice au bon c\u0153ur afin d\u2019\u00e9gayer de quelques dessins notre nouvelle version du \u00ab Livret d\u2019accueil des enfants en situation de handicap en accueil de loisirs \u00bb.<\/p>\n<p>L\u2019ancienne version est visible ici :\u00a0<a href=\"http:\/\/jpa67.fr\/fr\/wp-content\/uploads\/2016\/04\/Livret-ALSH-handicap.pdf?fbclid=IwAR2nxCfD7d_qYP-0p1KaZe6qd66mFmk8H1kJDDOhVQqnaAMxIBIZPCc-jK8\" target=\"_blank\" rel=\"noopener nofollow\" data-ft=\"{&quot;tn&quot;:&quot;-U&quot;}\" data-lynx-mode=\"async\" data-lynx-uri=\"https:\/\/l.facebook.com\/l.php?u=http%3A%2F%2Fjpa67.fr%2Ffr%2Fwp-content%2Fuploads%2F2016%2F04%2FLivret-ALSH-handicap.pdf%3Ffbclid%3DIwAR2nxCfD7d_qYP-0p1KaZe6qd66mFmk8H1kJDDOhVQqnaAMxIBIZPCc-jK8&amp;h=AT2jPFfnIFuB4jAgkcn01b8S3Rg7HsdAHRsW4SDSHs9lz3Z-Pr35-Kmn1Sxzu97bvOvhOffAiivtJPYkVPXSjj1DSJxwoW_M5KR6RQu-bjkfm4ieBGECfP0Q161B6SqOY4YiraBDWtOPoW0u6qkKwXS3UB3h4BuHpGyIzydfX0CnjsNO2rMyTRCybHxVlNyIOmIYyd1KEW8lnrVhATfEcfWOjRl3p8d97WT9cjoDgj2c8XawPGtqROz1tRpgh5K3ezJUPWOCc0o5UeGm-7XXEQBIrnfAODBPh08Guh_qC0raO6OoqaoBPNokjgla6UN3B0ZSoklhXprvVX6oEvJ1UsC0LE9j1zEp1ENlmtGUeBKd8krBRnQOxfVCxfXzjDDBATjbzeodGiSYI-anKHQa6doeFR22U1fT4D-rlJBxEsgoKMHWl11WnN5-bqAW0nZIAdaCLj0MxHFuicFk0zjrq133Zmv5dfEbJw62ltLNHLWg_W6fblBwqk0bRpcwpkweq2rW7ZN-HjeCiGUTTkTi1mxlNpTcTS4Hme176nxethT9k6gK5W69q0OxldmqzkJ7CxVvFz_quLX8qVbSEkscczjJiyR42grJrIxpUhu6cXr7R-ctEbbFlLewL8gfKw1LEfIpe6Aar3vFQak\">http:\/\/jpa67.fr\/\u2026\/\u2026\/uploads\/2016\/04\/Livret-ALSH-handicap.pdf<\/a>\u00a0afin de voir en gros ce qu\u2019il \u00ab faudrait \u00bb illustrer.<\/p>\n<p>Vous pouvez nous contacter au 03 88 65 46 40 ou par mail : loi<span class=\"text_exposed_show\">sirs.handicap@jpa67.fr<\/span><\/p>\n<div class=\"text_exposed_show\">\n<p>Merci d\u2019avance !<\/p>\n<\/div>\n","protected":false},"excerpt":{"rendered":"<p>Le Centre Ressources Enfance-Jeunesse &amp; Handicap de la JPA du Bas-Rhin recherche un\u00b7e illustrat\u00b7eur\u00b7trice au bon c\u0153ur afin d\u2019\u00e9gayer de [&hellip;]<\/p>\n","protected":false},"author":3,"featured_media":2372,"comment_status":"closed","ping_status":"open","sticky":false,"template":"","format":"standard","meta":{"spay_email":"","jetpack_publicize_message":"","jetpack_is_tweetstorm":false,"jetpack_publicize_feature_enabled":true},"categories":[27],"tags":[],"jetpack_featured_media_url":"http:\/\/jpa67.fr\/fr\/wp-content\/uploads\/2019\/04\/couv-livret.png","jetpack_publicize_connections":[],"jetpack_sharing_enabled":true,"jetpack_shortlink":"https:\/\/wp.me\/p7mWfa-Cf","jetpack-related-posts":[{"id":1324,"url":"http:\/\/jpa67.fr\/fr\/recherche-daccompagnateurs-individuels\/","url_meta":{"origin":2371,"position":0},"title":"Recherche d&rsquo;accompagnateurs individuels","date":"12 avril 2018","format":false,"excerpt":"Nous recherchons des accompagnateurs individuels pour des enfants en situation de handicap (Accompagnement en Colonies de vacances en milieu ordinaire) \u00a0 Le Centre Ressources Enfance - Jeunesse & Handicap (CREJH) de la Jeunesse au Plein Air du Bas-Rhin a pour mission de faciliter\u00a0l'accueil des enfants en situation de handicap, dans\u2026","rel":"","context":"Dans &quot;Centre Ressources Enfance-Jeunesse &amp; Handicap&quot;","img":{"alt_text":"","src":"https:\/\/i0.wp.com\/jpa67.fr\/fr\/wp-content\/uploads\/2018\/03\/miseEnAvant_Wordpress.jpg?resize=350%2C200","width":350,"height":200},"classes":[]},{"id":1214,"url":"http:\/\/jpa67.fr\/fr\/catalogue-2018\/","url_meta":{"origin":2371,"position":1},"title":"Catalogue 2018","date":"6 f\u00e9vrier 2018","format":false,"excerpt":"La catalogue 2018\u00a0des s\u00e9jours de vacances en milieu ordinaire , vient de sortir, en version num\u00e9rique, la version papier devrait bient\u00f4t nous \u00eatre livr\u00e9e ! Ce catalogue regroupe, des s\u00e9jours de vacances propos\u00e9s par nos partenaires, les PEP Alsace, l'AROEVEN et Vacances Pour Tous. CATALOGUE_2018","rel":"","context":"Dans &quot;Centre Ressources Enfance-Jeunesse &amp; Handicap&quot;","img":{"alt_text":"","src":"https:\/\/i0.wp.com\/jpa67.fr\/fr\/wp-content\/uploads\/2018\/02\/couv_catalogue.jpg?resize=350%2C200","width":350,"height":200},"classes":[]},{"id":224,"url":"http:\/\/jpa67.fr\/fr\/enfants-en-situation-de-handicap-nouveaux-dispositifs-solutions-actions\/","url_meta":{"origin":2371,"position":2},"title":"Enfants en situation de handicap : nouveaux dispositifs, solutions, actions","date":"13 mai 2016","format":false,"excerpt":"Participez \u00e0 une matin\u00e9e d'informations et de conseils, pour mieux aider les familles d'enfants en situation de handicap Six acteurs du handicap se r\u00e9unissent pour apporter leur expertise aux professionnels de l'accueil d'enfants en situation de handicap. Ces\u00a06 organismes seront pr\u00e9sents pour vous informer et vous conseiller : Maison D\u00e9partementale\u2026","rel":"","context":"Dans &quot;Centre Ressources Enfance-Jeunesse &amp; Handicap&quot;","img":{"alt_text":"","src":"https:\/\/i0.wp.com\/jpa67.fr\/fr\/wp-content\/uploads\/2016\/05\/journee-2-juin-2016.png?resize=350%2C200","width":350,"height":200},"classes":[]},{"id":994,"url":"http:\/\/jpa67.fr\/fr\/accompagner-au-mieux-les-parents-denfants-en-situation-de-handicap\/","url_meta":{"origin":2371,"position":3},"title":"Accompagner au mieux les parents d\u2019enfants en situation de handicap","date":"28 novembre 2017","format":false,"excerpt":"\u00a0 UN PROJET \"LOISIR\" ? L'Espace Ressources \"Loisirs et Handicap\" (ERLH) de la Jeunesse au Plein Air (JPA) du Bas-Rhin peut vous apporter des informations et des conseils pour un accueil en centre de loisirs, un d\u00e9part en colonie de vacances, besoin d'un temps de r\u00e9pit, etc... Nous vous proposons\u2026","rel":"","context":"Dans &quot;Centre Ressources Enfance-Jeunesse &amp; Handicap&quot;","img":{"alt_text":"","src":"","width":0,"height":0},"classes":[]},{"id":2361,"url":"http:\/\/jpa67.fr\/fr\/questionnaire-a-destination-des-parents-denfants-en-situation-de-handicap\/","url_meta":{"origin":2371,"position":4},"title":"Questionnaire \u00e0 destination des parents d\u2019enfants en situation de handicap","date":"26 mars 2019","format":false,"excerpt":"LANCEMENT du questionnaire \u00e0 destination des parents d\u2019enfants en situation de handicap Ce questionnaire est \u00e0 destination des parents d'enfants en situation de handicap et est men\u00e9 par le Centre Ressources Enfance-Jeunesse & Handicap (CREJH) de la Jeunesse au Plein Air du Bas-Rhin (JPA67) avec l'appui de l'association HANDEO. L'objectif\u2026","rel":"","context":"Dans &quot;Centre Ressources Enfance-Jeunesse &amp; Handicap&quot;","img":{"alt_text":"","src":"https:\/\/i0.wp.com\/jpa67.fr\/fr\/wp-content\/uploads\/2019\/03\/Capture.png?resize=350%2C200","width":350,"height":200},"classes":[]},{"id":774,"url":"http:\/\/jpa67.fr\/fr\/des-ateliers-dinformation-et-de-sensibilisation-pour-les-professionnels-des-alsh-et-des-periscolaires\/","url_meta":{"origin":2371,"position":5},"title":"Des ateliers d&rsquo;information et de sensibilisation pour les professionnels des ALSH et des p\u00e9riscolaires","date":"24 octobre 2016","format":false,"excerpt":"Les loisirs font partie du projet de vie de l\u2019enfant et l\u2019enfant en situation de handicap y a droit comme les autres enfants. C\u2019est la loi du 11 f\u00e9vrier 2005 qui le dit. Mais du droit au fait, le chemin peut \u00eatre difficile. Les enfants en situation de handicap n\u00e9cessitent\u2026","rel":"","context":"Dans &quot;Centre Ressources Enfance-Jeunesse &amp; Handicap&quot;","img":{"alt_text":"","src":"https:\/\/i0.wp.com\/jpa67.fr\/fr\/wp-content\/uploads\/2016\/10\/Visuel-article.jpg?resize=350%2C200","width":350,"height":200},"classes":[]}],"_links":{"self":[{"href":"http:\/\/jpa67.fr\/fr\/wp-json\/wp\/v2\/posts\/2371"}],"collection":[{"href":"http:\/\/jpa67.fr\/fr\/wp-json\/wp\/v2\/posts"}],"about":[{"href":"http:\/\/jpa67.fr\/fr\/wp-json\/wp\/v2\/types\/post"}],"author":[{"embeddable":true,"href":"http:\/\/jpa67.fr\/fr\/wp-json\/wp\/v2\/users\/3"}],"replies":[{"embeddable":true,"href":"http:\/\/jpa67.fr\/fr\/wp-json\/wp\/v2\/comments?post=2371"}],"version-history":[{"count":1,"href":"http:\/\/jpa67.fr\/fr\/wp-json\/wp\/v2\/posts\/2371\/revisions"}],"predecessor-version":[{"id":2373,"href":"http:\/\/jpa67.fr\/fr\/wp-json\/wp\/v2\/posts\/2371\/revisions\/2373"}],"wp:featuredmedia":[{"embeddable":true,"href":"http:\/\/jpa67.fr\/fr\/wp-json\/wp\/v2\/media\/2372"}],"wp:attachment":[{"href":"http:\/\/jpa67.fr\/fr\/wp-json\/wp\/v2\/media?parent=2371"}],"wp:term":[{"taxonomy":"category","embeddable":true,"href":"http:\/\/jpa67.fr\/fr\/wp-json\/wp\/v2\/categories?post=2371"},{"taxonomy":"post_tag","embeddable":true,"href":"http:\/\/jpa67.fr\/fr\/wp-json\/wp\/v2\/tags?post=2371"}],"curies":[{"name":"wp","href":"https:\/\/api.w.org\/{rel}","templated":true}]}}