{"id":611,"date":"2016-09-24T18:51:23","date_gmt":"2016-09-24T17:51:23","guid":{"rendered":"http:\/\/jpa67.fr\/fr\/?p=611"},"modified":"2016-09-24T19:02:44","modified_gmt":"2016-09-24T18:02:44","slug":"partenariat-avec-les-restos-du-coeur-des-jeunes-temoignent","status":"publish","type":"post","link":"http:\/\/jpa67.fr\/fr\/partenariat-avec-les-restos-du-coeur-des-jeunes-temoignent\/","title":{"rendered":"Partenariat avec les Restos du Coeur : des jeunes t\u00e9moignent"},"content":{"rendered":"<p>En 2004, la Jeunesse au Plein Air a conclu un partenariat avec l\u2019association \u00ab Les Restos du C\u0153ur \u00bb. Objectif : inciter 30 enfants de familles b\u00e9n\u00e9ficiaires \u00e0 quitter pour un moment leur quartier, leurs copains habituels pour explorer d\u2019autres environnements et rencontrer des jeunes d\u2019ailleurs et d\u2019autres classes sociales. Mer, montagne, activit\u00e9s sportives et culturelles, s\u00e9jours dans diff\u00e9rents pays d&rsquo;Europe : les jeunes choisissent leurs vacances en fonction de leurs envies dans une large palette de propositions.<\/p>\n<p>Le financement de ces s\u00e9jours est assur\u00e9 conjointement par l&rsquo;Etat (DDCS : Jeunesse et sports), la ville de Strasbourg, Les Restos du Coeur et la Jeunesse au Plein Air.<\/p>\n<p>Ann\u00e9e apr\u00e8s ann\u00e9e, tous ceux qui y participent en reviennent enchant\u00e9s.<\/p>\n<h4>T\u00e9moignage de deux fr\u00e8res apr\u00e8s un voyage organis\u00e9 par l&rsquo;AROEVEN :<\/h4>\n<ul>\n<li><em>\u00a0\u00bb &#8230;Moi qui ne pars jamais en vacances, j&rsquo;ai r\u00e9alis\u00e9 les meilleures vacances de ma vie&#8230; Nous avons fait une croisi\u00e8re fantastique, le paysage \u00e9tait magnifique&#8230;. Le soir, nous allions au Stadion pour nous r\u00e9unir avec les Russes, les Polonais, les Slov\u00e8nes pour pr\u00e9senter des spectacles : danse, com\u00e9die, th\u00e9\u00e2tre ou m\u00eame magie. Nous faisions aussi des jeux en \u00e9quipe, c&rsquo;\u00e9tait vraiment magique.<\/em><em>\u00a0 Je tiens \u00e0 vous remercier sinc\u00e8rement pour ce merveilleux voyage et pour ces vacances inoubliables.\u00a0\u00bb (Khalded)<a href=\"http:\/\/jpa67.fr\/fr\/wp-content\/uploads\/2016\/09\/Croatie.jpg\"><img loading=\"lazy\" class=\"alignright wp-image-616\" src=\"http:\/\/jpa67.fr\/fr\/wp-content\/uploads\/2016\/09\/Croatie-300x207.jpg\" alt=\"croatie\" width=\"400\" height=\"276\" srcset=\"http:\/\/jpa67.fr\/fr\/wp-content\/uploads\/2016\/09\/Croatie-300x207.jpg 300w, http:\/\/jpa67.fr\/fr\/wp-content\/uploads\/2016\/09\/Croatie-768x531.jpg 768w, http:\/\/jpa67.fr\/fr\/wp-content\/uploads\/2016\/09\/Croatie-1024x707.jpg 1024w, http:\/\/jpa67.fr\/fr\/wp-content\/uploads\/2016\/09\/Croatie.jpg 1158w\" sizes=\"(max-width: 400px) 100vw, 400px\" \/><\/a><\/em><\/li>\n<\/ul>\n<ul>\n<li><em>\u00a0\u00bb &#8230; Nous avons fait une croisi\u00e8re de r\u00eave, nous avons vu des \u00eeles magnifiques et \u2013 le meilleur &#8211; nous avons m\u00eame vu des dauphins de pr\u00e8s qui nageaient \u00e0 c\u00f4t\u00e9 du bateau&#8230; J&rsquo;aimerais revenir sur les raisons qui m&rsquo;ont pouss\u00e9 \u00e0 vous \u00e9crire. La premi\u00e8re \u00e9tait de vous remercier. La deuxi\u00e8me, c&rsquo;est que je voudrais vraiment encourager les jeunes, qu&rsquo;ils aient 12 ou 18 ans, cela ne change rien, pendant notre voyage nous n&rsquo;avons pas fait de diff\u00e9rence \u00e0 cause de l&rsquo;\u00e2ge : les activit\u00e9s \u00e9taient les m\u00eames, nous rigolions tous ensemble&#8230; \u00a0\u00bb (Youcef)<br \/>\n<\/em><\/li>\n<\/ul>\n<h4>Voici d&rsquo;autres t\u00e9moignages<\/h4>\n<ul>\n<li><em>\u00ab\u00a0C\u2019\u00e9tait bien, surtout que ce sont des associations qui ont organis\u00e9 \u00e7a. Cela m\u2019a beaucoup plu. J\u2019aimerais pouvoir repartir l\u2019ann\u00e9e prochaine. Ce sera ma derni\u00e8re colonie de vacances. Je vais avoir 18 ans. Merci beaucoup.\u00a0\u00bb<\/em> (J\u00e9r\u00e9my)<\/li>\n<li><em>\u00ab\u00a0J&rsquo;ai aim\u00e9 l\u2019ambiance du s\u00e9jour. A refaire sans h\u00e9sitation.\u00a0\u00bb<\/em> (Esteban)<\/li>\n<li><em>\u00ab\u00a0C\u2019\u00e9tait tr\u00e8s bien. Les activit\u00e9s \u00e9taient bien, sauf les visites. Elles \u00e9taient trop longues. Mais l\u2019ambiance m\u2019a beaucoup plu. On a bien rigol\u00e9.\u00a0\u00bb<\/em> (Alison)<\/li>\n<li><em>\u00ab\u00a0Ce s\u00e9jour \u00e9tait bien, s\u2019est pass\u00e9 tr\u00e8s vite et dans une bonne ambiance. Je renouvellerai cette exp\u00e9rience si c\u2019est possible.\u00a0\u00bb<\/em> (Laura)<\/li>\n<li><em>\u00ab\u00a0C\u2019\u00e9tait super g\u00e9nial. Je suis heureux d\u2019avoir pu rencontrer des gens d\u2019autres villes, j\u2019ai pu me faire d\u2019autres amis.\u00a0\u00bb<\/em> (Dylan)<\/li>\n<li><em>\u00ab\u00a0Tr\u00e8s beau s\u00e9jour, activit\u00e9s g\u00e9niales et bonne ambiance.\u00a0\u00bb<\/em> (Romane)<\/li>\n<li><em>\u00ab\u00a0J\u2019ai trouv\u00e9 que ces vacances ont \u00e9t\u00e9 magnifiques. Les moniteurs sont tr\u00e8s cool. Les activit\u00e9s ont \u00e9t\u00e9 plut\u00f4t bonnes. J\u2019esp\u00e8re que l\u2019ann\u00e9e prochaine nous irons de nouveau en colonie. Merci.\u00a0\u00bb (Elisa)<br \/>\n<\/em><\/li>\n<li><em>\u00ab\u00a0S\u00e9jour tr\u00e8s heureux. Bonne ambiance et bonne entente. Les animateurs \u00e9taient pas mal. Je m\u2019entendais bien avec eux.\u00a0\u00bb<\/em> (Rachid)<\/li>\n<\/ul>\n","protected":false},"excerpt":{"rendered":"<p>En 2004, la Jeunesse au Plein Air a conclu un partenariat avec l\u2019association \u00ab Les Restos du C\u0153ur \u00bb. Objectif [&hellip;]<\/p>\n","protected":false},"author":2,"featured_media":624,"comment_status":"closed","ping_status":"open","sticky":false,"template":"","format":"standard","meta":{"spay_email":"","jetpack_publicize_message":"","jetpack_is_tweetstorm":false,"jetpack_publicize_feature_enabled":true},"categories":[3,27],"tags":[4,78,79],"jetpack_featured_media_url":"http:\/\/jpa67.fr\/fr\/wp-content\/uploads\/2016\/09\/Logo3.jpg","jetpack_publicize_connections":[],"jetpack_sharing_enabled":true,"jetpack_shortlink":"https:\/\/wp.me\/p7mWfa-9R","jetpack-related-posts":[{"id":912,"url":"http:\/\/jpa67.fr\/fr\/100colo-la-campagne-de-promotion-2017-en-faveur-des-colonies-de-vacances\/","url_meta":{"origin":611,"position":0},"title":"#100%colo : la campagne de promotion 2017 en faveur des colonies de vacances","date":"13 mars 2017","format":false,"excerpt":"Pour la troisi\u00e8me ann\u00e9e cons\u00e9cutive, le Minist\u00e8re de la Ville, de la Jeunesse et des Sports lance une grande campagne d'information et de communication en faveur des colonies de vacances, en collaboration avec la Caisse Nationale d'Allocations familiales, l'UNAT et la Jeunesse au Plein Air. Sur son site, on trouve\u2026","rel":"","context":"Dans &quot;Colonies de vacances&quot;","img":{"alt_text":"","src":"https:\/\/i0.wp.com\/jpa67.fr\/fr\/wp-content\/uploads\/2017\/03\/Colos2017_Facebook_Twitter_OuvrirAutres.jpg?resize=350%2C200","width":350,"height":200},"classes":[]},{"id":1324,"url":"http:\/\/jpa67.fr\/fr\/recherche-daccompagnateurs-individuels\/","url_meta":{"origin":611,"position":1},"title":"Recherche d&rsquo;accompagnateurs individuels","date":"12 avril 2018","format":false,"excerpt":"Nous recherchons des accompagnateurs individuels pour des enfants en situation de handicap (Accompagnement en Colonies de vacances en milieu ordinaire) \u00a0 Le Centre Ressources Enfance - Jeunesse & Handicap (CREJH) de la Jeunesse au Plein Air du Bas-Rhin a pour mission de faciliter\u00a0l'accueil des enfants en situation de handicap, dans\u2026","rel":"","context":"Dans &quot;Centre Ressources Enfance-Jeunesse &amp; Handicap&quot;","img":{"alt_text":"","src":"https:\/\/i0.wp.com\/jpa67.fr\/fr\/wp-content\/uploads\/2018\/03\/miseEnAvant_Wordpress.jpg?resize=350%2C200","width":350,"height":200},"classes":[]},{"id":40,"url":"http:\/\/jpa67.fr\/fr\/cap-sur-les-colos\/","url_meta":{"origin":611,"position":2},"title":"Cap sur les colos !","date":"4 mars 2016","format":false,"excerpt":"Le dimanche 13 mars aura lieu une journ\u00e9e d'information et d'\u00e9changes sur les colonies de vacances : \"Cap sur les colos !\",\u00a0avec la participation de sept associations conf\u00e9d\u00e9r\u00e9es : l'AROEVEN, Bel'Air, les PEP,Vacances pour tous, Vie et vacances\u00a0(Les Gen\u00e9vriers),\u00a0 l'ADATEEP, les CEMEA, Nid d'actions. La priorit\u00e9 sera donn\u00e9e \u00e0 l'information.\u2026","rel":"","context":"Dans &quot;Colonies de vacances&quot;","img":{"alt_text":"","src":"https:\/\/i0.wp.com\/jpa67.fr\/fr\/wp-content\/uploads\/2016\/03\/Affiche-journ\u00c3\u00a9e-213x300.jpg?resize=350%2C200","width":350,"height":200},"classes":[]},{"id":923,"url":"http:\/\/jpa67.fr\/fr\/enquete-les-enfants-en-situation-de-handicap-et-les-aides-jpa-ancv\/","url_meta":{"origin":611,"position":3},"title":"Enqu\u00eate : les enfants en situation de handicap et les aides JPA-ANCV","date":"5 juin 2017","format":false,"excerpt":"La JPA vient de publier les r\u00e9sultats d\u2019une enqu\u00eate sur la mani\u00e8re dont les parents d\u2019enfants en situation de handicap per\u00e7oivent les aides JPA-ANCV. Premier constat\u00a0: sans ces aides financi\u00e8res, plus de 45% des parents n\u2019auraient pas pu faire profiter leurs enfants des colonies de vacances. Pour plus de 87%\u2026","rel":"","context":"Dans &quot;Centre Ressources Enfance-Jeunesse &amp; Handicap&quot;","img":{"alt_text":"","src":"https:\/\/i0.wp.com\/jpa67.fr\/fr\/wp-content\/uploads\/2017\/06\/IMG_1410.jpg?resize=350%2C200","width":350,"height":200},"classes":[]},{"id":625,"url":"http:\/\/jpa67.fr\/fr\/concert-gospel-au-profit-de-la-jeunesse-au-plein-air-le-15-octobre-2016\/","url_meta":{"origin":611,"position":4},"title":"Concert Gospel au profit de la Jeunesse au Plein Air : beau succ\u00e8s","date":"16 octobre 2016","format":false,"excerpt":"Le 15 octobre 2016, la chorale Les Copains d'accords a donn\u00e9 un tr\u00e8s beau concert Gospel dans la Chapelle du Couvent du Bischenberg, \u00e0 Bischoffsheim. La chapelle \u00e9tait comble, avec un public chaleureux. Un tr\u00e8s beau programme aussi et surtout des chanteurs passionn\u00e9s, men\u00e9s de main de ma\u00eetre par Anne-Rose\u2026","rel":"","context":"Dans &quot;Colonies de vacances&quot;","img":{"alt_text":"","src":"https:\/\/i0.wp.com\/jpa67.fr\/fr\/wp-content\/uploads\/2016\/09\/IMG_0455.jpg?resize=350%2C200","width":350,"height":200},"classes":[]},{"id":900,"url":"http:\/\/jpa67.fr\/fr\/le-catalogue-des-sejours-de-vacances-en-milieu-ordinaire-est-paru\/","url_meta":{"origin":611,"position":5},"title":"Le catalogue des s\u00e9jours de vacances en milieu \u00ab\u00a0ordinaire\u00a0\u00bb est paru","date":"4 mars 2017","format":false,"excerpt":"T\u00e9l\u00e9chargez-le. Il contient les s\u00e9jours recommand\u00e9s par la JPA 67.","rel":"","context":"Dans &quot;Centre Ressources Enfance-Jeunesse &amp; Handicap&quot;","img":{"alt_text":"","src":"https:\/\/i0.wp.com\/jpa67.fr\/fr\/wp-content\/uploads\/2016\/05\/CATALOGUE-2017_couverture.jpg?resize=350%2C200","width":350,"height":200},"classes":[]}],"_links":{"self":[{"href":"http:\/\/jpa67.fr\/fr\/wp-json\/wp\/v2\/posts\/611"}],"collection":[{"href":"http:\/\/jpa67.fr\/fr\/wp-json\/wp\/v2\/posts"}],"about":[{"href":"http:\/\/jpa67.fr\/fr\/wp-json\/wp\/v2\/types\/post"}],"author":[{"embeddable":true,"href":"http:\/\/jpa67.fr\/fr\/wp-json\/wp\/v2\/users\/2"}],"replies":[{"embeddable":true,"href":"http:\/\/jpa67.fr\/fr\/wp-json\/wp\/v2\/comments?post=611"}],"version-history":[{"count":9,"href":"http:\/\/jpa67.fr\/fr\/wp-json\/wp\/v2\/posts\/611\/revisions"}],"predecessor-version":[{"id":623,"href":"http:\/\/jpa67.fr\/fr\/wp-json\/wp\/v2\/posts\/611\/revisions\/623"}],"wp:featuredmedia":[{"embeddable":true,"href":"http:\/\/jpa67.fr\/fr\/wp-json\/wp\/v2\/media\/624"}],"wp:attachment":[{"href":"http:\/\/jpa67.fr\/fr\/wp-json\/wp\/v2\/media?parent=611"}],"wp:term":[{"taxonomy":"category","embeddable":true,"href":"http:\/\/jpa67.fr\/fr\/wp-json\/wp\/v2\/categories?post=611"},{"taxonomy":"post_tag","embeddable":true,"href":"http:\/\/jpa67.fr\/fr\/wp-json\/wp\/v2\/tags?post=611"}],"curies":[{"name":"wp","href":"https:\/\/api.w.org\/{rel}","templated":true}]}}