{"id":644,"date":"2016-10-03T20:05:51","date_gmt":"2016-10-03T19:05:51","guid":{"rendered":"http:\/\/jpa67.fr\/fr\/?p=644"},"modified":"2018-01-29T15:45:12","modified_gmt":"2018-01-29T14:45:12","slug":"comment-bien-accueillir-dans-les-accueils-de-loisirs-un-enfant-presentant-des-troubles-du-comportement-le-compte-rendu-des-matinees-thematiques-des-16-et17-juin-2016-est-disponible","status":"publish","type":"post","link":"http:\/\/jpa67.fr\/fr\/comment-bien-accueillir-dans-les-accueils-de-loisirs-un-enfant-presentant-des-troubles-du-comportement-le-compte-rendu-des-matinees-thematiques-des-16-et17-juin-2016-est-disponible\/","title":{"rendered":"\u00abComment bien accueillir, dans les accueils de loisirs, un enfant pr\u00e9sentant des troubles du comportement \u00bb : le compte rendu des matin\u00e9es th\u00e9matiques des 16 et17 juin 2016 est disponible"},"content":{"rendered":"<p>Pour lire ce document, <a href=\"http:\/\/jpa67.fr\/fr\/wp-content\/uploads\/2016\/10\/Synth\u00e8se-Matin\u00e9es-TDC.pdf\">cliquez ici. <\/a><\/p>\n<p><a href=\"http:\/\/jpa67.fr\/fr\/wp-content\/uploads\/2016\/10\/Synth%C3%A8se-Matin%C3%A9es-TDC.pdf\"><img loading=\"lazy\" class=\"aligncenter size-medium wp-image-646\" src=\"http:\/\/jpa67.fr\/fr\/wp-content\/uploads\/2016\/10\/Affiche-TDC-A5-web-212x300.jpg\" alt=\"affiche-tdc-a5-web\" width=\"212\" height=\"300\" srcset=\"http:\/\/jpa67.fr\/fr\/wp-content\/uploads\/2016\/10\/Affiche-TDC-A5-web-212x300.jpg 212w, http:\/\/jpa67.fr\/fr\/wp-content\/uploads\/2016\/10\/Affiche-TDC-A5-web-768x1086.jpg 768w, http:\/\/jpa67.fr\/fr\/wp-content\/uploads\/2016\/10\/Affiche-TDC-A5-web-724x1024.jpg 724w, http:\/\/jpa67.fr\/fr\/wp-content\/uploads\/2016\/10\/Affiche-TDC-A5-web.jpg 1132w\" sizes=\"(max-width: 212px) 100vw, 212px\" \/><\/a><\/p>\n","protected":false},"excerpt":{"rendered":"<p>Pour lire ce document, cliquez ici.<\/p>\n","protected":false},"author":2,"featured_media":646,"comment_status":"closed","ping_status":"open","sticky":false,"template":"","format":"standard","meta":{"spay_email":"","jetpack_publicize_message":"","jetpack_is_tweetstorm":false,"jetpack_publicize_feature_enabled":true},"categories":[119,17,27],"tags":[41],"jetpack_featured_media_url":"http:\/\/jpa67.fr\/fr\/wp-content\/uploads\/2016\/10\/Affiche-TDC-A5-web.jpg","jetpack_publicize_connections":[],"jetpack_sharing_enabled":true,"jetpack_shortlink":"https:\/\/wp.me\/p7mWfa-ao","jetpack-related-posts":[{"id":289,"url":"http:\/\/jpa67.fr\/fr\/comment-accueillir-un-enfant-presentant-des-troubles-du-comportement-dans-les-centres-de-loisirs\/","url_meta":{"origin":644,"position":0},"title":"Comment accueillir un enfant pr\u00e9sentant des troubles du comportement dans les centres de loisirs ?","date":"1 juin 2016","format":false,"excerpt":"L'Espace Resssources Loisirs et Handicap organise deux matin\u00e9es d'informations et d'\u00e9changes pour les personnes qui sont amen\u00e9es \u00e0 accueillir des enfants pr\u00e9sentant des troubles du comportement. Le jeudi 16 juin et le vendredi 17 juin 2016, de 9 \u00e0 12h30 (accueil \u00e0 partir de 8h30) 15 rue de l'Industrie 67400\u2026","rel":"","context":"Dans &quot;Centre Ressources Enfance-Jeunesse &amp; Handicap&quot;","img":{"alt_text":"","src":"https:\/\/i0.wp.com\/jpa67.fr\/fr\/wp-content\/uploads\/2016\/06\/Affiche_TDC-e1467186116618.png?resize=350%2C200","width":350,"height":200},"classes":[]},{"id":2304,"url":"http:\/\/jpa67.fr\/fr\/rencontre-regionale-mission-nationale-accueils-de-loisirs-handicap\/","url_meta":{"origin":644,"position":1},"title":"Rencontre R\u00e9gionale &#8211; Mission Nationale \u00ab Accueils de Loisirs &#038; Handicap \u00bb","date":"5 novembre 2018","format":false,"excerpt":"Le Centre Ressources Enfance-Jeunesse & Handicap, de la Jeunesse au Plein Air du Bas-Rhin, organise une rencontre r\u00e9gionale \u00ab\u00a0Accueils de Loisirs & Handicap\u00a0\u00bb. Du 9 novembre au 6 d\u00e9cembre 2018, la Mission Nationale organise\u00a07 r\u00e9unions en r\u00e9gion, pour venir \u00e0 la rencontre des familles et des acteurs engag\u00e9s, au quotidien,\u2026","rel":"","context":"Dans &quot;Centre Ressources Enfance-Jeunesse &amp; Handicap&quot;","img":{"alt_text":"rencontre r\u00e9gionale 27 novembre","src":"https:\/\/i0.wp.com\/jpa67.fr\/fr\/wp-content\/uploads\/2018\/11\/bandeau.png?resize=350%2C200","width":350,"height":200},"classes":[]},{"id":1074,"url":"http:\/\/jpa67.fr\/fr\/reunion-dinformations\/","url_meta":{"origin":644,"position":2},"title":"R\u00e9union d&rsquo;informations","date":"24 janvier 2018","format":false,"excerpt":"UN PROJET \"LOISIRS\" ? Le Centre Ressources Enfance-Jeunesse & Handicap (CREJH)\u00a0de la Jeunesse au Plein Air (JPA) du Bas-Rhin peut vous apporter des informations et des conseils pour un accueil en centre de loisirs, un d\u00e9part en colonie de vacances, besoin d'un temps de r\u00e9pit, etc... Nous vous proposons de\u2026","rel":"","context":"Dans &quot;Centre Ressources Enfance-Jeunesse &amp; Handicap&quot;","img":{"alt_text":"","src":"https:\/\/i0.wp.com\/jpa67.fr\/fr\/wp-content\/uploads\/2018\/01\/banniereCREJH_Final_vecto.png?resize=350%2C200","width":350,"height":200},"classes":[]},{"id":108,"url":"http:\/\/jpa67.fr\/fr\/des-loisirs-pour-des-jeunes-en-situation-de-handicap\/","url_meta":{"origin":644,"position":3},"title":"Avec \u00ab\u00a0Familles en harmonie\u00a0\u00bb, des jeunes s&rsquo;engagent pour les loisirs d&rsquo;autres jeunes en situation de handicap !","date":"8 d\u00e9cembre 2016","format":false,"excerpt":"Une action men\u00e9e par de jeunes volontaires du service civique. Ils s\u2019appelent Elsa, Steven, Devida, Julien, Arnaud, In\u00e8s, Gaston et Lisa. Ils ont choisi de faire leur service civique dans l\u2019association\u00a0Unis Cit\u00e9s. Pendant 9 mois, ils travailleront en bin\u00f4mes sur un sujet cher \u00e0 la JPA : les loisirs des\u2026","rel":"","context":"Dans &quot;Centre Ressources Enfance-Jeunesse &amp; Handicap&quot;","img":{"alt_text":"","src":"https:\/\/i0.wp.com\/jpa67.fr\/fr\/wp-content\/uploads\/2015\/11\/PHOTO-GROUPE-UNIS-CITE.jpg?resize=350%2C200","width":350,"height":200},"classes":[]},{"id":994,"url":"http:\/\/jpa67.fr\/fr\/accompagner-au-mieux-les-parents-denfants-en-situation-de-handicap\/","url_meta":{"origin":644,"position":4},"title":"Accompagner au mieux les parents d\u2019enfants en situation de handicap","date":"28 novembre 2017","format":false,"excerpt":"\u00a0 UN PROJET \"LOISIR\" ? L'Espace Ressources \"Loisirs et Handicap\" (ERLH) de la Jeunesse au Plein Air (JPA) du Bas-Rhin peut vous apporter des informations et des conseils pour un accueil en centre de loisirs, un d\u00e9part en colonie de vacances, besoin d'un temps de r\u00e9pit, etc... Nous vous proposons\u2026","rel":"","context":"Dans &quot;Centre Ressources Enfance-Jeunesse &amp; Handicap&quot;","img":{"alt_text":"","src":"","width":0,"height":0},"classes":[]},{"id":1315,"url":"http:\/\/jpa67.fr\/fr\/reunion-dinformations-18-mai-2018\/","url_meta":{"origin":644,"position":5},"title":"R\u00e9union d&rsquo;informations &#8211; 18 mai 2018","date":"5 avril 2018","format":false,"excerpt":"UN PROJET \"LOISIRS\" ? Le Centre Ressources Enfance-Jeunesse & Handicap (CREJH)\u00a0de la Jeunesse au Plein Air (JPA) du Bas-Rhin peut vous apporter des informations et des conseils pour un accueil en centre de loisirs, un d\u00e9part en colonie de vacances, besoin d'un temps de r\u00e9pit, etc... Nous vous proposons de\u2026","rel":"","context":"Dans &quot;Centre Ressources Enfance-Jeunesse &amp; Handicap&quot;","img":{"alt_text":"","src":"https:\/\/i0.wp.com\/jpa67.fr\/fr\/wp-content\/uploads\/2018\/03\/miseEnAvant_Wordpress.jpg?resize=350%2C200","width":350,"height":200},"classes":[]}],"_links":{"self":[{"href":"http:\/\/jpa67.fr\/fr\/wp-json\/wp\/v2\/posts\/644"}],"collection":[{"href":"http:\/\/jpa67.fr\/fr\/wp-json\/wp\/v2\/posts"}],"about":[{"href":"http:\/\/jpa67.fr\/fr\/wp-json\/wp\/v2\/types\/post"}],"author":[{"embeddable":true,"href":"http:\/\/jpa67.fr\/fr\/wp-json\/wp\/v2\/users\/2"}],"replies":[{"embeddable":true,"href":"http:\/\/jpa67.fr\/fr\/wp-json\/wp\/v2\/comments?post=644"}],"version-history":[{"count":2,"href":"http:\/\/jpa67.fr\/fr\/wp-json\/wp\/v2\/posts\/644\/revisions"}],"predecessor-version":[{"id":648,"href":"http:\/\/jpa67.fr\/fr\/wp-json\/wp\/v2\/posts\/644\/revisions\/648"}],"wp:featuredmedia":[{"embeddable":true,"href":"http:\/\/jpa67.fr\/fr\/wp-json\/wp\/v2\/media\/646"}],"wp:attachment":[{"href":"http:\/\/jpa67.fr\/fr\/wp-json\/wp\/v2\/media?parent=644"}],"wp:term":[{"taxonomy":"category","embeddable":true,"href":"http:\/\/jpa67.fr\/fr\/wp-json\/wp\/v2\/categories?post=644"},{"taxonomy":"post_tag","embeddable":true,"href":"http:\/\/jpa67.fr\/fr\/wp-json\/wp\/v2\/tags?post=644"}],"curies":[{"name":"wp","href":"https:\/\/api.w.org\/{rel}","templated":true}]}}