{"id":774,"date":"2016-10-24T11:01:27","date_gmt":"2016-10-24T10:01:27","guid":{"rendered":"http:\/\/jpa67.fr\/fr\/?p=774"},"modified":"2019-02-19T14:19:38","modified_gmt":"2019-02-19T13:19:38","slug":"des-ateliers-dinformation-et-de-sensibilisation-pour-les-professionnels-des-alsh-et-des-periscolaires","status":"publish","type":"post","link":"http:\/\/jpa67.fr\/fr\/des-ateliers-dinformation-et-de-sensibilisation-pour-les-professionnels-des-alsh-et-des-periscolaires\/","title":{"rendered":"Des ateliers d&rsquo;information et de sensibilisation pour les professionnels des ALSH et des p\u00e9riscolaires"},"content":{"rendered":"<p>Les loisirs font partie du projet de vie de l\u2019enfant et l\u2019enfant en situation de handicap y a droit comme les autres enfants. C\u2019est la loi du 11 f\u00e9vrier 2005 qui le dit.<\/p>\n<p>Mais du droit au fait, le chemin peut \u00eatre difficile. Les enfants en situation de handicap n\u00e9cessitent une attention particuli\u00e8re. Ils ne sont pas toujours les bienvenus dans les structures d\u2019accueil parce que les \u00e9quipes n\u2019ont pas une connaissance suffisante du handicap et qu\u2019il faut aussi surmonter des craintes que seule une bonne information peut effacer.<a href=\"http:\/\/wp.me\/P7mWfa-bd\"><img loading=\"lazy\" class=\"alignright wp-image-777 size-medium\" src=\"http:\/\/jpa67.fr\/fr\/wp-content\/uploads\/2016\/10\/Visuel-article-300x260.jpg\" alt=\"visuel-article\" width=\"300\" height=\"260\" srcset=\"http:\/\/jpa67.fr\/fr\/wp-content\/uploads\/2016\/10\/Visuel-article-300x260.jpg 300w, http:\/\/jpa67.fr\/fr\/wp-content\/uploads\/2016\/10\/Visuel-article.jpg 598w\" sizes=\"(max-width: 300px) 100vw, 300px\" \/><\/a><\/p>\n<p>C\u2019est pourquoi le Centre Ressources Enfance Jeunesse &amp; Handicap de la Jeunesse au Plein Air du Bas-Rhin propose aux professionnels de l\u2019accueil des ateliers d\u2019information et de sensibilisation. D\u2019une dur\u00e9e de deux heures, ces s\u00e9ances sont gratuites, gr\u00e2ce \u00e0 un financement de la Caisse d\u2019Allocations familiales, et ont lieu dans les locaux de l\u2019accueil.<\/p>\n<p>Toute une s\u00e9rie de questions y sont abord\u00e9es\u00a0: la perception du handicap par les participants, l\u2019aide dont les enfants ont besoin en fonction de leurs difficult\u00e9s, les outils dont il est possible de disposer, les dispositions l\u00e9gales. L\u2019objectif est de d\u00e9dramatiser, de confronter les id\u00e9es et de bien faire \u00e9merger les conditions dans lesquels l\u2019accueil d\u2019un enfant en situation de handicap est possible.<\/p>\n<p>Pour d\u00e9couvrir le programme d\u00e9taill\u00e9, cliquez <a href=\"http:\/\/wp.me\/P7mWfa-bd\">ici <\/a>.<\/p>\n<p>Pour tous renseignements, <a href=\"mailto:loisirs.handicap@jpa67.fr\">loisirs.handicap@jpa67.fr<\/a>, t\u00e9l.\u00a0: 03 88 65 46 40<\/p>\n","protected":false},"excerpt":{"rendered":"<p>Les loisirs font partie du projet de vie de l\u2019enfant et l\u2019enfant en situation de handicap y a droit comme [&hellip;]<\/p>\n","protected":false},"author":2,"featured_media":777,"comment_status":"closed","ping_status":"open","sticky":false,"template":"","format":"standard","meta":{"spay_email":"","jetpack_publicize_message":"","jetpack_is_tweetstorm":false,"jetpack_publicize_feature_enabled":true},"categories":[119,17,27],"tags":[93,91,95,43,30,94,92],"jetpack_featured_media_url":"http:\/\/jpa67.fr\/fr\/wp-content\/uploads\/2016\/10\/Visuel-article.jpg","jetpack_publicize_connections":[],"jetpack_sharing_enabled":true,"jetpack_shortlink":"https:\/\/wp.me\/p7mWfa-cu","jetpack-related-posts":[{"id":224,"url":"http:\/\/jpa67.fr\/fr\/enfants-en-situation-de-handicap-nouveaux-dispositifs-solutions-actions\/","url_meta":{"origin":774,"position":0},"title":"Enfants en situation de handicap : nouveaux dispositifs, solutions, actions","date":"13 mai 2016","format":false,"excerpt":"Participez \u00e0 une matin\u00e9e d'informations et de conseils, pour mieux aider les familles d'enfants en situation de handicap Six acteurs du handicap se r\u00e9unissent pour apporter leur expertise aux professionnels de l'accueil d'enfants en situation de handicap. Ces\u00a06 organismes seront pr\u00e9sents pour vous informer et vous conseiller : Maison D\u00e9partementale\u2026","rel":"","context":"Dans &quot;Centre Ressources Enfance-Jeunesse &amp; Handicap&quot;","img":{"alt_text":"","src":"https:\/\/i0.wp.com\/jpa67.fr\/fr\/wp-content\/uploads\/2016\/05\/journee-2-juin-2016.png?resize=350%2C200","width":350,"height":200},"classes":[]},{"id":1074,"url":"http:\/\/jpa67.fr\/fr\/reunion-dinformations\/","url_meta":{"origin":774,"position":1},"title":"R\u00e9union d&rsquo;informations","date":"24 janvier 2018","format":false,"excerpt":"UN PROJET \"LOISIRS\" ? Le Centre Ressources Enfance-Jeunesse & Handicap (CREJH)\u00a0de la Jeunesse au Plein Air (JPA) du Bas-Rhin peut vous apporter des informations et des conseils pour un accueil en centre de loisirs, un d\u00e9part en colonie de vacances, besoin d'un temps de r\u00e9pit, etc... Nous vous proposons de\u2026","rel":"","context":"Dans &quot;Centre Ressources Enfance-Jeunesse &amp; Handicap&quot;","img":{"alt_text":"","src":"https:\/\/i0.wp.com\/jpa67.fr\/fr\/wp-content\/uploads\/2018\/01\/banniereCREJH_Final_vecto.png?resize=350%2C200","width":350,"height":200},"classes":[]},{"id":2361,"url":"http:\/\/jpa67.fr\/fr\/questionnaire-a-destination-des-parents-denfants-en-situation-de-handicap\/","url_meta":{"origin":774,"position":2},"title":"Questionnaire \u00e0 destination des parents d\u2019enfants en situation de handicap","date":"26 mars 2019","format":false,"excerpt":"LANCEMENT du questionnaire \u00e0 destination des parents d\u2019enfants en situation de handicap Ce questionnaire est \u00e0 destination des parents d'enfants en situation de handicap et est men\u00e9 par le Centre Ressources Enfance-Jeunesse & Handicap (CREJH) de la Jeunesse au Plein Air du Bas-Rhin (JPA67) avec l'appui de l'association HANDEO. L'objectif\u2026","rel":"","context":"Dans &quot;Centre Ressources Enfance-Jeunesse &amp; Handicap&quot;","img":{"alt_text":"","src":"https:\/\/i0.wp.com\/jpa67.fr\/fr\/wp-content\/uploads\/2019\/03\/Capture.png?resize=350%2C200","width":350,"height":200},"classes":[]},{"id":994,"url":"http:\/\/jpa67.fr\/fr\/accompagner-au-mieux-les-parents-denfants-en-situation-de-handicap\/","url_meta":{"origin":774,"position":3},"title":"Accompagner au mieux les parents d\u2019enfants en situation de handicap","date":"28 novembre 2017","format":false,"excerpt":"\u00a0 UN PROJET \"LOISIR\" ? L'Espace Ressources \"Loisirs et Handicap\" (ERLH) de la Jeunesse au Plein Air (JPA) du Bas-Rhin peut vous apporter des informations et des conseils pour un accueil en centre de loisirs, un d\u00e9part en colonie de vacances, besoin d'un temps de r\u00e9pit, etc... Nous vous proposons\u2026","rel":"","context":"Dans &quot;Centre Ressources Enfance-Jeunesse &amp; Handicap&quot;","img":{"alt_text":"","src":"","width":0,"height":0},"classes":[]},{"id":1315,"url":"http:\/\/jpa67.fr\/fr\/reunion-dinformations-18-mai-2018\/","url_meta":{"origin":774,"position":4},"title":"R\u00e9union d&rsquo;informations &#8211; 18 mai 2018","date":"5 avril 2018","format":false,"excerpt":"UN PROJET \"LOISIRS\" ? Le Centre Ressources Enfance-Jeunesse & Handicap (CREJH)\u00a0de la Jeunesse au Plein Air (JPA) du Bas-Rhin peut vous apporter des informations et des conseils pour un accueil en centre de loisirs, un d\u00e9part en colonie de vacances, besoin d'un temps de r\u00e9pit, etc... Nous vous proposons de\u2026","rel":"","context":"Dans &quot;Centre Ressources Enfance-Jeunesse &amp; Handicap&quot;","img":{"alt_text":"","src":"https:\/\/i0.wp.com\/jpa67.fr\/fr\/wp-content\/uploads\/2018\/03\/miseEnAvant_Wordpress.jpg?resize=350%2C200","width":350,"height":200},"classes":[]},{"id":108,"url":"http:\/\/jpa67.fr\/fr\/des-loisirs-pour-des-jeunes-en-situation-de-handicap\/","url_meta":{"origin":774,"position":5},"title":"Avec \u00ab\u00a0Familles en harmonie\u00a0\u00bb, des jeunes s&rsquo;engagent pour les loisirs d&rsquo;autres jeunes en situation de handicap !","date":"8 d\u00e9cembre 2016","format":false,"excerpt":"Une action men\u00e9e par de jeunes volontaires du service civique. Ils s\u2019appelent Elsa, Steven, Devida, Julien, Arnaud, In\u00e8s, Gaston et Lisa. Ils ont choisi de faire leur service civique dans l\u2019association\u00a0Unis Cit\u00e9s. Pendant 9 mois, ils travailleront en bin\u00f4mes sur un sujet cher \u00e0 la JPA : les loisirs des\u2026","rel":"","context":"Dans &quot;Centre Ressources Enfance-Jeunesse &amp; Handicap&quot;","img":{"alt_text":"","src":"https:\/\/i0.wp.com\/jpa67.fr\/fr\/wp-content\/uploads\/2015\/11\/PHOTO-GROUPE-UNIS-CITE.jpg?resize=350%2C200","width":350,"height":200},"classes":[]}],"_links":{"self":[{"href":"http:\/\/jpa67.fr\/fr\/wp-json\/wp\/v2\/posts\/774"}],"collection":[{"href":"http:\/\/jpa67.fr\/fr\/wp-json\/wp\/v2\/posts"}],"about":[{"href":"http:\/\/jpa67.fr\/fr\/wp-json\/wp\/v2\/types\/post"}],"author":[{"embeddable":true,"href":"http:\/\/jpa67.fr\/fr\/wp-json\/wp\/v2\/users\/2"}],"replies":[{"embeddable":true,"href":"http:\/\/jpa67.fr\/fr\/wp-json\/wp\/v2\/comments?post=774"}],"version-history":[{"count":8,"href":"http:\/\/jpa67.fr\/fr\/wp-json\/wp\/v2\/posts\/774\/revisions"}],"predecessor-version":[{"id":2354,"href":"http:\/\/jpa67.fr\/fr\/wp-json\/wp\/v2\/posts\/774\/revisions\/2354"}],"wp:featuredmedia":[{"embeddable":true,"href":"http:\/\/jpa67.fr\/fr\/wp-json\/wp\/v2\/media\/777"}],"wp:attachment":[{"href":"http:\/\/jpa67.fr\/fr\/wp-json\/wp\/v2\/media?parent=774"}],"wp:term":[{"taxonomy":"category","embeddable":true,"href":"http:\/\/jpa67.fr\/fr\/wp-json\/wp\/v2\/categories?post=774"},{"taxonomy":"post_tag","embeddable":true,"href":"http:\/\/jpa67.fr\/fr\/wp-json\/wp\/v2\/tags?post=774"}],"curies":[{"name":"wp","href":"https:\/\/api.w.org\/{rel}","templated":true}]}}