{"id":822,"date":"2016-12-11T11:10:23","date_gmt":"2016-12-11T10:10:23","guid":{"rendered":"http:\/\/jpa67.fr\/fr\/?p=822"},"modified":"2016-12-11T11:14:38","modified_gmt":"2016-12-11T10:14:38","slug":"remise-des-prix-fondation-sncf-2016","status":"publish","type":"post","link":"http:\/\/jpa67.fr\/fr\/remise-des-prix-fondation-sncf-2016\/","title":{"rendered":"Remise des prix \u00ab Fondation SNCF 2016 \u00bb"},"content":{"rendered":"<p>Apr\u00e8s une aide financi\u00e8re en 2015, la Fondation SNCF nous a accord\u00e9 cette ann\u00e9e un m\u00e9c\u00e9nat de comp\u00e9tences, sous deux formes.<\/p>\n<p>D\u2019abord, au mois de juillet, Jean-Luc Poussin, salari\u00e9 de la SNCF et excellent photographe, a r\u00e9alis\u00e9 pour nous plus de 4000 photos et plusieurs vid\u00e9os sur la vie dans les colonies de vacances. Nous en avons utilis\u00e9 beaucoup pour notre communication, notamment sur ce site.<\/p>\n<p>Ensuite, le 21 septembre 2016, la Fondation SNCF nous a consacr\u00e9 une journ\u00e9e enti\u00e8re pour nous permettre notamment de mettre au point un dossier de m\u00e9c\u00e9nat destin\u00e9 \u00e0 faciliter notre prospection en direction d\u2019autres entreprises. Avec la participation de l\u2019association <a href=\"http:\/\/probonolab.org\/\">Pro Bono Lab<\/a>, une douzaine de salari\u00e9s ont donn\u00e9 leur temps et, \u00e0 travers une belle s\u00e9rie de propositions, nous ont aid\u00e9s \u00e0 recentrer notre communication vers de nouveaux partenaires potentiels. Ce travail est en train de se concr\u00e9tiser, avec l\u2019aide suppl\u00e9mentaire d\u2019une ancienne alternante de l\u2019entreprise.<\/p>\n<p>La remise des prix a eu lieu r\u00e9cemment dans les locaux de la gare de Strasbourg. Nous avons \u00e9t\u00e9 une des 19 associations prim\u00e9es. Georges, G\u00e9rard et Suzanne ont rappel\u00e9 l\u2019int\u00e9r\u00eat et les \u00e9tapes de cette action, en adressant leurs vifs remerciements \u00e0 la Fondation SNCF, \u00e0 tous les salari\u00e9s qui ont pris part \u00e0 cette action et tout particuli\u00e8rement \u00e0 Mme Sylvie Anton, Manager Engagement Soci\u00e9tal et correspondante Fondation SNCF.<\/p>\n<p class=\"jetpack-slideshow-noscript robots-nocontent\">Ce diaporama n\u00e9cessite JavaScript.<\/p><div id=\"gallery-822-1-slideshow\" class=\"jetpack-slideshow-window jetpack-slideshow jetpack-slideshow-black\" data-trans=\"fade\" data-autostart=\"1\" data-gallery=\"[{&quot;src&quot;:&quot;http:\\\/\\\/jpa67.fr\\\/fr\\\/wp-content\\\/uploads\\\/2016\\\/12\\\/SNCF-JPA7.jpg&quot;,&quot;id&quot;:&quot;813&quot;,&quot;title&quot;:&quot;sncf-jpa7&quot;,&quot;alt&quot;:&quot;&quot;,&quot;caption&quot;:&quot;&quot;,&quot;itemprop&quot;:&quot;image&quot;},{&quot;src&quot;:&quot;http:\\\/\\\/jpa67.fr\\\/fr\\\/wp-content\\\/uploads\\\/2016\\\/12\\\/Responsables-Fondation-SNCF.jpg&quot;,&quot;id&quot;:&quot;810&quot;,&quot;title&quot;:&quot;responsables-fondation-sncf&quot;,&quot;alt&quot;:&quot;&quot;,&quot;caption&quot;:&quot;&quot;,&quot;itemprop&quot;:&quot;image&quot;},{&quot;src&quot;:&quot;http:\\\/\\\/jpa67.fr\\\/fr\\\/wp-content\\\/uploads\\\/2016\\\/12\\\/SNCF-JPA10.jpg&quot;,&quot;id&quot;:&quot;816&quot;,&quot;title&quot;:&quot;sncf-jpa10&quot;,&quot;alt&quot;:&quot;&quot;,&quot;caption&quot;:&quot;&quot;,&quot;itemprop&quot;:&quot;image&quot;},{&quot;src&quot;:&quot;http:\\\/\\\/jpa67.fr\\\/fr\\\/wp-content\\\/uploads\\\/2016\\\/12\\\/SNCF-JPA9.jpg&quot;,&quot;id&quot;:&quot;815&quot;,&quot;title&quot;:&quot;sncf-jpa9&quot;,&quot;alt&quot;:&quot;&quot;,&quot;caption&quot;:&quot;&quot;,&quot;itemprop&quot;:&quot;image&quot;},{&quot;src&quot;:&quot;http:\\\/\\\/jpa67.fr\\\/fr\\\/wp-content\\\/uploads\\\/2016\\\/12\\\/Musiciens.jpg&quot;,&quot;id&quot;:&quot;808&quot;,&quot;title&quot;:&quot;musiciens&quot;,&quot;alt&quot;:&quot;&quot;,&quot;caption&quot;:&quot;&quot;,&quot;itemprop&quot;:&quot;image&quot;},{&quot;src&quot;:&quot;http:\\\/\\\/jpa67.fr\\\/fr\\\/wp-content\\\/uploads\\\/2016\\\/12\\\/SNCF-JPA2.jpg&quot;,&quot;id&quot;:&quot;811&quot;,&quot;title&quot;:&quot;sncf-jpa2&quot;,&quot;alt&quot;:&quot;&quot;,&quot;caption&quot;:&quot;&quot;,&quot;itemprop&quot;:&quot;image&quot;},{&quot;src&quot;:&quot;http:\\\/\\\/jpa67.fr\\\/fr\\\/wp-content\\\/uploads\\\/2016\\\/12\\\/SNCF-JPA14.jpg&quot;,&quot;id&quot;:&quot;818&quot;,&quot;title&quot;:&quot;sncf-jpa14&quot;,&quot;alt&quot;:&quot;&quot;,&quot;caption&quot;:&quot;&quot;,&quot;itemprop&quot;:&quot;image&quot;},{&quot;src&quot;:&quot;http:\\\/\\\/jpa67.fr\\\/fr\\\/wp-content\\\/uploads\\\/2016\\\/12\\\/Photo-de-groupe15.jpg&quot;,&quot;id&quot;:&quot;809&quot;,&quot;title&quot;:&quot;photo-de-groupe15&quot;,&quot;alt&quot;:&quot;&quot;,&quot;caption&quot;:&quot;&quot;,&quot;itemprop&quot;:&quot;image&quot;},{&quot;src&quot;:&quot;http:\\\/\\\/jpa67.fr\\\/fr\\\/wp-content\\\/uploads\\\/2016\\\/12\\\/SNCF-JPA8.jpg&quot;,&quot;id&quot;:&quot;814&quot;,&quot;title&quot;:&quot;sncf-jpa8&quot;,&quot;alt&quot;:&quot;&quot;,&quot;caption&quot;:&quot;&quot;,&quot;itemprop&quot;:&quot;image&quot;},{&quot;src&quot;:&quot;http:\\\/\\\/jpa67.fr\\\/fr\\\/wp-content\\\/uploads\\\/2016\\\/12\\\/SNCF-JPA12.jpg&quot;,&quot;id&quot;:&quot;817&quot;,&quot;title&quot;:&quot;sncf-jpa12&quot;,&quot;alt&quot;:&quot;&quot;,&quot;caption&quot;:&quot;&quot;,&quot;itemprop&quot;:&quot;image&quot;},{&quot;src&quot;:&quot;http:\\\/\\\/jpa67.fr\\\/fr\\\/wp-content\\\/uploads\\\/2016\\\/12\\\/SNCF-JPA4.jpg&quot;,&quot;id&quot;:&quot;812&quot;,&quot;title&quot;:&quot;sncf-jpa4&quot;,&quot;alt&quot;:&quot;&quot;,&quot;caption&quot;:&quot;&quot;,&quot;itemprop&quot;:&quot;image&quot;},{&quot;src&quot;:&quot;http:\\\/\\\/jpa67.fr\\\/fr\\\/wp-content\\\/uploads\\\/2016\\\/12\\\/visuels-associations.jpg&quot;,&quot;id&quot;:&quot;819&quot;,&quot;title&quot;:&quot;visuels-associations&quot;,&quot;alt&quot;:&quot;&quot;,&quot;caption&quot;:&quot;&quot;,&quot;itemprop&quot;:&quot;image&quot;}]\" itemscope itemtype=\"https:\/\/schema.org\/ImageGallery\"><\/div>\n","protected":false},"excerpt":{"rendered":"<p>Apr\u00e8s une aide financi\u00e8re en 2015, la Fondation SNCF nous a accord\u00e9 cette ann\u00e9e un m\u00e9c\u00e9nat de comp\u00e9tences, sous deux [&hellip;]<\/p>\n","protected":false},"author":2,"featured_media":809,"comment_status":"closed","ping_status":"open","sticky":false,"template":"","format":"standard","meta":{"spay_email":"","jetpack_publicize_message":"","jetpack_is_tweetstorm":false,"jetpack_publicize_feature_enabled":true},"categories":[27],"tags":[101,99,50,51,100],"jetpack_featured_media_url":"http:\/\/jpa67.fr\/fr\/wp-content\/uploads\/2016\/12\/Photo-de-groupe15.jpg","jetpack_publicize_connections":[],"jetpack_sharing_enabled":true,"jetpack_shortlink":"https:\/\/wp.me\/p7mWfa-dg","jetpack-related-posts":[{"id":439,"url":"http:\/\/jpa67.fr\/fr\/les-colos-2016-en-images\/","url_meta":{"origin":822,"position":0},"title":"Les colos 2016 en images","date":"6 ao\u00fbt 2016","format":false,"excerpt":"C'est les vacances et, pour beaucoup d'enfants et d'adolescents, les colonies de vacances. Voici plusieurs s\u00e9ries de photos sur la vie quotidienne en colo : des moments de rencontres, de jeux, de d\u00e9couvertes, de plaisir et aussi d'apprentissage de la vie en commun. La colo qui fait pleurer les enfants!\u2026","rel":"","context":"Dans &quot;Colonies de vacances&quot;","img":{"alt_text":"","src":"https:\/\/i0.wp.com\/jpa67.fr\/fr\/wp-content\/uploads\/2016\/08\/IMG_0582-2.jpg?resize=350%2C200","width":350,"height":200},"classes":[]},{"id":98,"url":"http:\/\/jpa67.fr\/fr\/demarrage-de-la-campagne-eleves-solidaires-2016\/","url_meta":{"origin":822,"position":1},"title":"Lancement de la Campagne de Solidarit\u00e9 2017","date":"19 janvier 2017","format":false,"excerpt":"Salle comble au Coll\u00e8ge Galil\u00e9e et belle ambiance. En plus du Coll\u00e8ge qui nous a accueillis (merci Madame Morel), des \u00e9l\u00e8ves du Coll\u00e8ge Maxime Alexandre et de l'Ecole El\u00e9mentaire des Pr\u00e9s ont pr\u00e9sent\u00e9 des chants et des travaux. Mme la Rectrice \u00e9tait repr\u00e9sent\u00e9e par M. Dickel\u00e9 et M. Bur, Maire\u2026","rel":"","context":"Dans &quot;Campagne El\u00e8ves Solidaires&quot;","img":{"alt_text":"","src":"https:\/\/i0.wp.com\/jpa67.fr\/fr\/wp-content\/uploads\/2016\/01\/IMG_0629-b.jpg?resize=350%2C200","width":350,"height":200},"classes":[]},{"id":160,"url":"http:\/\/jpa67.fr\/fr\/les-gagnants-du-concours-dessine-moi-une-colo\/","url_meta":{"origin":822,"position":2},"title":"Les gagnants du Concours \u00ab\u00a0Dessine-moi une colo!\u00a0\u00bb","date":"28 juin 2015","format":false,"excerpt":"Le 26 juin 2015 a eu lieu la remise des prix du concours \"Dessine-moi une colo!\", au Parc du Petit Prince d'Ungersheim qui a accueilli, gratuitement, 237 personnes,\u00a0\u00e9l\u00e8ves et\u00a0accompagnateurs. Dans la cat\u00e9gorie Ecoles \u00e9l\u00e9mentaires L'Ecole El\u00e9mentaire Illberg de Mulhouse L'Ecole \u00e9l\u00e9mentaire de Hersbach L'Ecole \u00e9l\u00e9mentaire d'Ernolsheim sur Bruche L'Ecole \u00e9l\u00e9mentaire\u2026","rel":"","context":"Dans &quot;Campagne El\u00e8ves Solidaires&quot;","img":{"alt_text":"","src":"https:\/\/i0.wp.com\/jpa67.fr\/fr\/wp-content\/uploads\/2016\/04\/Coll\u00e8ge_Mutzig.png?resize=350%2C200","width":350,"height":200},"classes":[]},{"id":118,"url":"http:\/\/jpa67.fr\/fr\/hoffmann-group-plus-de-6-600-e-verses-en-faveur-de-la-mixite-sociale\/","url_meta":{"origin":822,"position":3},"title":"Hoffmann Group : plus de 6 600 \u20ac vers\u00e9s en faveur de la mixit\u00e9 sociale","date":"19 janvier 2016","format":false,"excerpt":"La soci\u00e9t\u00e9 Hoffmann France, leader dans la distribution de fournitures industrielles, bas\u00e9e \u00e0 Drusenheim, a vers\u00e9 une somme de 6 650 \u20ac pour soutenir notre cause. Cette action est en totale ad\u00e9quation avec la philosophie du groupe Hoffmann, ayant d\u00e9j\u00e0 sa propre Fondation qui vient en aide aux enfants en\u2026","rel":"","context":"Dans &quot;Informations g\u00e9n\u00e9rales&quot;","img":{"alt_text":"","src":"","width":0,"height":0},"classes":[]},{"id":2243,"url":"http:\/\/jpa67.fr\/fr\/actions-envacances\/","url_meta":{"origin":822,"position":4},"title":"Actions #EnVacances","date":"3 septembre 2018","format":false,"excerpt":"Quand une s\u00e9natrice fait part des propositions faites par la Jeunesse au Plein Air, Solidarit\u00e9 La\u00efques et l\u2019UNAT, au gouvernement, on se dit que notre action a un sens et donne envie de continuer. Merci \u00e0 Mme la s\u00e9natrice Marie-Pierre MONIER pour son intervention et Mr le s\u00e9nateur Jacques BIGOT\u2026","rel":"","context":"Dans &quot;Colonies de vacances&quot;","img":{"alt_text":"# EnVacances !","src":"https:\/\/i0.wp.com\/jpa67.fr\/fr\/wp-content\/uploads\/2018\/09\/EnVacances-.jpg?resize=350%2C200","width":350,"height":200},"classes":[]},{"id":2361,"url":"http:\/\/jpa67.fr\/fr\/questionnaire-a-destination-des-parents-denfants-en-situation-de-handicap\/","url_meta":{"origin":822,"position":5},"title":"Questionnaire \u00e0 destination des parents d\u2019enfants en situation de handicap","date":"26 mars 2019","format":false,"excerpt":"LANCEMENT du questionnaire \u00e0 destination des parents d\u2019enfants en situation de handicap Ce questionnaire est \u00e0 destination des parents d'enfants en situation de handicap et est men\u00e9 par le Centre Ressources Enfance-Jeunesse & Handicap (CREJH) de la Jeunesse au Plein Air du Bas-Rhin (JPA67) avec l'appui de l'association HANDEO. L'objectif\u2026","rel":"","context":"Dans &quot;Centre Ressources Enfance-Jeunesse &amp; Handicap&quot;","img":{"alt_text":"","src":"https:\/\/i0.wp.com\/jpa67.fr\/fr\/wp-content\/uploads\/2019\/03\/Capture.png?resize=350%2C200","width":350,"height":200},"classes":[]}],"_links":{"self":[{"href":"http:\/\/jpa67.fr\/fr\/wp-json\/wp\/v2\/posts\/822"}],"collection":[{"href":"http:\/\/jpa67.fr\/fr\/wp-json\/wp\/v2\/posts"}],"about":[{"href":"http:\/\/jpa67.fr\/fr\/wp-json\/wp\/v2\/types\/post"}],"author":[{"embeddable":true,"href":"http:\/\/jpa67.fr\/fr\/wp-json\/wp\/v2\/users\/2"}],"replies":[{"embeddable":true,"href":"http:\/\/jpa67.fr\/fr\/wp-json\/wp\/v2\/comments?post=822"}],"version-history":[{"count":4,"href":"http:\/\/jpa67.fr\/fr\/wp-json\/wp\/v2\/posts\/822\/revisions"}],"predecessor-version":[{"id":826,"href":"http:\/\/jpa67.fr\/fr\/wp-json\/wp\/v2\/posts\/822\/revisions\/826"}],"wp:featuredmedia":[{"embeddable":true,"href":"http:\/\/jpa67.fr\/fr\/wp-json\/wp\/v2\/media\/809"}],"wp:attachment":[{"href":"http:\/\/jpa67.fr\/fr\/wp-json\/wp\/v2\/media?parent=822"}],"wp:term":[{"taxonomy":"category","embeddable":true,"href":"http:\/\/jpa67.fr\/fr\/wp-json\/wp\/v2\/categories?post=822"},{"taxonomy":"post_tag","embeddable":true,"href":"http:\/\/jpa67.fr\/fr\/wp-json\/wp\/v2\/tags?post=822"}],"curies":[{"name":"wp","href":"https:\/\/api.w.org\/{rel}","templated":true}]}}