{"id":912,"date":"2017-03-13T09:39:35","date_gmt":"2017-03-13T08:39:35","guid":{"rendered":"http:\/\/jpa67.fr\/fr\/?p=912"},"modified":"2017-03-13T09:41:53","modified_gmt":"2017-03-13T08:41:53","slug":"100colo-la-campagne-de-promotion-2017-en-faveur-des-colonies-de-vacances","status":"publish","type":"post","link":"http:\/\/jpa67.fr\/fr\/100colo-la-campagne-de-promotion-2017-en-faveur-des-colonies-de-vacances\/","title":{"rendered":"#100%colo : la campagne de promotion 2017 en faveur des colonies de vacances"},"content":{"rendered":"<p>Pour la troisi\u00e8me ann\u00e9e cons\u00e9cutive, le Minist\u00e8re de la Ville, de la Jeunesse et des Sports lance une grande campagne d&rsquo;information et de communication en faveur des colonies de vacances, en collaboration avec la Caisse Nationale d&rsquo;Allocations familiales, l&rsquo;UNAT et la Jeunesse au Plein Air. Sur son site, on trouve beaucoup d&rsquo;informations sur les s\u00e9jours de vacances. L&rsquo;objectif est de donner envie aux enfants et aux adolescents, de m\u00eame qu&rsquo;\u00e0 leurs parents, de faire le choix de cette exp\u00e9rience inoubliable que sont les colonies de vacances : <a href=\"http:\/\/jeunes.gouv.fr\/colo2017\">http:\/\/jeunes.gouv.fr\/colo2017<\/a><\/p>\n\n\t\t<style type=\"text\/css\">\n\t\t\t#gallery-1 {\n\t\t\t\tmargin: auto;\n\t\t\t}\n\t\t\t#gallery-1 .gallery-item {\n\t\t\t\tfloat: left;\n\t\t\t\tmargin-top: 10px;\n\t\t\t\ttext-align: center;\n\t\t\t\twidth: 33%;\n\t\t\t}\n\t\t\t#gallery-1 img {\n\t\t\t\tborder: 2px solid #cfcfcf;\n\t\t\t}\n\t\t\t#gallery-1 .gallery-caption {\n\t\t\t\tmargin-left: 0;\n\t\t\t}\n\t\t\t\/* see gallery_shortcode() in wp-includes\/media.php *\/\n\t\t<\/style>\n\t\t<div id='gallery-1' class='gallery galleryid-912 gallery-columns-3 gallery-size-medium'><dl class='gallery-item'>\n\t\t\t<dt class='gallery-icon landscape'>\n\t\t\t\t<a href='http:\/\/jpa67.fr\/fr\/100colo-la-campagne-de-promotion-2017-en-faveur-des-colonies-de-vacances\/colos2017_facebook_twitter_adoamitie\/#main'><img width=\"300\" height=\"158\" src=\"http:\/\/jpa67.fr\/fr\/wp-content\/uploads\/2017\/03\/Colos2017_Facebook_Twitter_AdoAmitie-300x158.jpg\" class=\"attachment-medium size-medium\" alt=\"\" loading=\"lazy\" srcset=\"http:\/\/jpa67.fr\/fr\/wp-content\/uploads\/2017\/03\/Colos2017_Facebook_Twitter_AdoAmitie-300x158.jpg 300w, http:\/\/jpa67.fr\/fr\/wp-content\/uploads\/2017\/03\/Colos2017_Facebook_Twitter_AdoAmitie-768x403.jpg 768w, http:\/\/jpa67.fr\/fr\/wp-content\/uploads\/2017\/03\/Colos2017_Facebook_Twitter_AdoAmitie-1024x538.jpg 1024w, http:\/\/jpa67.fr\/fr\/wp-content\/uploads\/2017\/03\/Colos2017_Facebook_Twitter_AdoAmitie-330x174.jpg 330w, http:\/\/jpa67.fr\/fr\/wp-content\/uploads\/2017\/03\/Colos2017_Facebook_Twitter_AdoAmitie-720x380.jpg 720w, http:\/\/jpa67.fr\/fr\/wp-content\/uploads\/2017\/03\/Colos2017_Facebook_Twitter_AdoAmitie.jpg 1200w\" sizes=\"(max-width: 300px) 100vw, 300px\" \/><\/a>\n\t\t\t<\/dt><\/dl><dl class='gallery-item'>\n\t\t\t<dt class='gallery-icon landscape'>\n\t\t\t\t<a href='http:\/\/jpa67.fr\/fr\/100colo-la-campagne-de-promotion-2017-en-faveur-des-colonies-de-vacances\/colos2017_facebook_twitter_adodecouverte\/#main'><img width=\"300\" height=\"158\" src=\"http:\/\/jpa67.fr\/fr\/wp-content\/uploads\/2017\/03\/Colos2017_Facebook_Twitter_AdoDecouverte-300x158.jpg\" class=\"attachment-medium size-medium\" alt=\"\" loading=\"lazy\" srcset=\"http:\/\/jpa67.fr\/fr\/wp-content\/uploads\/2017\/03\/Colos2017_Facebook_Twitter_AdoDecouverte-300x158.jpg 300w, http:\/\/jpa67.fr\/fr\/wp-content\/uploads\/2017\/03\/Colos2017_Facebook_Twitter_AdoDecouverte-768x403.jpg 768w, http:\/\/jpa67.fr\/fr\/wp-content\/uploads\/2017\/03\/Colos2017_Facebook_Twitter_AdoDecouverte-1024x538.jpg 1024w, http:\/\/jpa67.fr\/fr\/wp-content\/uploads\/2017\/03\/Colos2017_Facebook_Twitter_AdoDecouverte-330x174.jpg 330w, http:\/\/jpa67.fr\/fr\/wp-content\/uploads\/2017\/03\/Colos2017_Facebook_Twitter_AdoDecouverte-720x380.jpg 720w, http:\/\/jpa67.fr\/fr\/wp-content\/uploads\/2017\/03\/Colos2017_Facebook_Twitter_AdoDecouverte.jpg 1200w\" sizes=\"(max-width: 300px) 100vw, 300px\" \/><\/a>\n\t\t\t<\/dt><\/dl><dl class='gallery-item'>\n\t\t\t<dt class='gallery-icon landscape'>\n\t\t\t\t<a href='http:\/\/jpa67.fr\/fr\/100colo-la-campagne-de-promotion-2017-en-faveur-des-colonies-de-vacances\/colos2017_facebook_twitter_adosport\/#main'><img width=\"300\" height=\"158\" src=\"http:\/\/jpa67.fr\/fr\/wp-content\/uploads\/2017\/03\/Colos2017_Facebook_Twitter_AdoSport-300x158.jpg\" class=\"attachment-medium size-medium\" alt=\"\" loading=\"lazy\" srcset=\"http:\/\/jpa67.fr\/fr\/wp-content\/uploads\/2017\/03\/Colos2017_Facebook_Twitter_AdoSport-300x158.jpg 300w, http:\/\/jpa67.fr\/fr\/wp-content\/uploads\/2017\/03\/Colos2017_Facebook_Twitter_AdoSport-768x403.jpg 768w, http:\/\/jpa67.fr\/fr\/wp-content\/uploads\/2017\/03\/Colos2017_Facebook_Twitter_AdoSport-1024x538.jpg 1024w, http:\/\/jpa67.fr\/fr\/wp-content\/uploads\/2017\/03\/Colos2017_Facebook_Twitter_AdoSport-330x174.jpg 330w, http:\/\/jpa67.fr\/fr\/wp-content\/uploads\/2017\/03\/Colos2017_Facebook_Twitter_AdoSport-720x380.jpg 720w, http:\/\/jpa67.fr\/fr\/wp-content\/uploads\/2017\/03\/Colos2017_Facebook_Twitter_AdoSport.jpg 1200w\" sizes=\"(max-width: 300px) 100vw, 300px\" \/><\/a>\n\t\t\t<\/dt><\/dl><br style=\"clear: both\" \/><dl class='gallery-item'>\n\t\t\t<dt class='gallery-icon landscape'>\n\t\t\t\t<a href='http:\/\/jpa67.fr\/fr\/100colo-la-campagne-de-promotion-2017-en-faveur-des-colonies-de-vacances\/colos2017_facebook_twitter_apprendreamusant\/#main'><img width=\"300\" height=\"158\" src=\"http:\/\/jpa67.fr\/fr\/wp-content\/uploads\/2017\/03\/Colos2017_Facebook_Twitter_ApprendreAmusant-300x158.jpg\" class=\"attachment-medium size-medium\" alt=\"\" loading=\"lazy\" srcset=\"http:\/\/jpa67.fr\/fr\/wp-content\/uploads\/2017\/03\/Colos2017_Facebook_Twitter_ApprendreAmusant-300x158.jpg 300w, http:\/\/jpa67.fr\/fr\/wp-content\/uploads\/2017\/03\/Colos2017_Facebook_Twitter_ApprendreAmusant-768x403.jpg 768w, http:\/\/jpa67.fr\/fr\/wp-content\/uploads\/2017\/03\/Colos2017_Facebook_Twitter_ApprendreAmusant-1024x538.jpg 1024w, http:\/\/jpa67.fr\/fr\/wp-content\/uploads\/2017\/03\/Colos2017_Facebook_Twitter_ApprendreAmusant-330x174.jpg 330w, http:\/\/jpa67.fr\/fr\/wp-content\/uploads\/2017\/03\/Colos2017_Facebook_Twitter_ApprendreAmusant-720x380.jpg 720w, http:\/\/jpa67.fr\/fr\/wp-content\/uploads\/2017\/03\/Colos2017_Facebook_Twitter_ApprendreAmusant.jpg 1200w\" sizes=\"(max-width: 300px) 100vw, 300px\" \/><\/a>\n\t\t\t<\/dt><\/dl><dl class='gallery-item'>\n\t\t\t<dt class='gallery-icon landscape'>\n\t\t\t\t<a href='http:\/\/jpa67.fr\/fr\/100colo-la-campagne-de-promotion-2017-en-faveur-des-colonies-de-vacances\/colos2017_facebook_twitter_espritequipe\/#main'><img width=\"300\" height=\"158\" src=\"http:\/\/jpa67.fr\/fr\/wp-content\/uploads\/2017\/03\/Colos2017_Facebook_Twitter_EspritEquipe-300x158.jpg\" class=\"attachment-medium size-medium\" alt=\"\" loading=\"lazy\" srcset=\"http:\/\/jpa67.fr\/fr\/wp-content\/uploads\/2017\/03\/Colos2017_Facebook_Twitter_EspritEquipe-300x158.jpg 300w, http:\/\/jpa67.fr\/fr\/wp-content\/uploads\/2017\/03\/Colos2017_Facebook_Twitter_EspritEquipe-768x403.jpg 768w, http:\/\/jpa67.fr\/fr\/wp-content\/uploads\/2017\/03\/Colos2017_Facebook_Twitter_EspritEquipe-1024x538.jpg 1024w, http:\/\/jpa67.fr\/fr\/wp-content\/uploads\/2017\/03\/Colos2017_Facebook_Twitter_EspritEquipe-330x174.jpg 330w, http:\/\/jpa67.fr\/fr\/wp-content\/uploads\/2017\/03\/Colos2017_Facebook_Twitter_EspritEquipe-720x380.jpg 720w, http:\/\/jpa67.fr\/fr\/wp-content\/uploads\/2017\/03\/Colos2017_Facebook_Twitter_EspritEquipe.jpg 1200w\" sizes=\"(max-width: 300px) 100vw, 300px\" \/><\/a>\n\t\t\t<\/dt><\/dl><dl class='gallery-item'>\n\t\t\t<dt class='gallery-icon landscape'>\n\t\t\t\t<a href='http:\/\/jpa67.fr\/fr\/100colo-la-campagne-de-promotion-2017-en-faveur-des-colonies-de-vacances\/colos2017_facebook_twitter_ouvrirautres\/#main'><img width=\"300\" height=\"158\" src=\"http:\/\/jpa67.fr\/fr\/wp-content\/uploads\/2017\/03\/Colos2017_Facebook_Twitter_OuvrirAutres-300x158.jpg\" class=\"attachment-medium size-medium\" alt=\"\" loading=\"lazy\" srcset=\"http:\/\/jpa67.fr\/fr\/wp-content\/uploads\/2017\/03\/Colos2017_Facebook_Twitter_OuvrirAutres-300x158.jpg 300w, http:\/\/jpa67.fr\/fr\/wp-content\/uploads\/2017\/03\/Colos2017_Facebook_Twitter_OuvrirAutres-768x403.jpg 768w, http:\/\/jpa67.fr\/fr\/wp-content\/uploads\/2017\/03\/Colos2017_Facebook_Twitter_OuvrirAutres-1024x538.jpg 1024w, http:\/\/jpa67.fr\/fr\/wp-content\/uploads\/2017\/03\/Colos2017_Facebook_Twitter_OuvrirAutres-330x174.jpg 330w, http:\/\/jpa67.fr\/fr\/wp-content\/uploads\/2017\/03\/Colos2017_Facebook_Twitter_OuvrirAutres-720x380.jpg 720w, http:\/\/jpa67.fr\/fr\/wp-content\/uploads\/2017\/03\/Colos2017_Facebook_Twitter_OuvrirAutres.jpg 1200w\" sizes=\"(max-width: 300px) 100vw, 300px\" \/><\/a>\n\t\t\t<\/dt><\/dl><br style=\"clear: both\" \/>\n\t\t<\/div>\n\n<p>&nbsp;<\/p>\n","protected":false},"excerpt":{"rendered":"<p>Pour la troisi\u00e8me ann\u00e9e cons\u00e9cutive, le Minist\u00e8re de la Ville, de la Jeunesse et des Sports lance une grande campagne [&hellip;]<\/p>\n","protected":false},"author":2,"featured_media":918,"comment_status":"closed","ping_status":"open","sticky":false,"template":"","format":"standard","meta":{"spay_email":"","jetpack_publicize_message":"","jetpack_is_tweetstorm":false,"jetpack_publicize_feature_enabled":true},"categories":[3,27],"tags":[111,4,112],"jetpack_featured_media_url":"http:\/\/jpa67.fr\/fr\/wp-content\/uploads\/2017\/03\/Colos2017_Facebook_Twitter_OuvrirAutres.jpg","jetpack_publicize_connections":[],"jetpack_sharing_enabled":true,"jetpack_shortlink":"https:\/\/wp.me\/p7mWfa-eI","jetpack-related-posts":[{"id":40,"url":"http:\/\/jpa67.fr\/fr\/cap-sur-les-colos\/","url_meta":{"origin":912,"position":0},"title":"Cap sur les colos !","date":"4 mars 2016","format":false,"excerpt":"Le dimanche 13 mars aura lieu une journ\u00e9e d'information et d'\u00e9changes sur les colonies de vacances : \"Cap sur les colos !\",\u00a0avec la participation de sept associations conf\u00e9d\u00e9r\u00e9es : l'AROEVEN, Bel'Air, les PEP,Vacances pour tous, Vie et vacances\u00a0(Les Gen\u00e9vriers),\u00a0 l'ADATEEP, les CEMEA, Nid d'actions. La priorit\u00e9 sera donn\u00e9e \u00e0 l'information.\u2026","rel":"","context":"Dans &quot;Colonies de vacances&quot;","img":{"alt_text":"","src":"https:\/\/i0.wp.com\/jpa67.fr\/fr\/wp-content\/uploads\/2016\/03\/Affiche-journ\u00c3\u00a9e-213x300.jpg?resize=350%2C200","width":350,"height":200},"classes":[]},{"id":439,"url":"http:\/\/jpa67.fr\/fr\/les-colos-2016-en-images\/","url_meta":{"origin":912,"position":1},"title":"Les colos 2016 en images","date":"6 ao\u00fbt 2016","format":false,"excerpt":"C'est les vacances et, pour beaucoup d'enfants et d'adolescents, les colonies de vacances. Voici plusieurs s\u00e9ries de photos sur la vie quotidienne en colo : des moments de rencontres, de jeux, de d\u00e9couvertes, de plaisir et aussi d'apprentissage de la vie en commun. La colo qui fait pleurer les enfants!\u2026","rel":"","context":"Dans &quot;Colonies de vacances&quot;","img":{"alt_text":"","src":"https:\/\/i0.wp.com\/jpa67.fr\/fr\/wp-content\/uploads\/2016\/08\/IMG_0582-2.jpg?resize=350%2C200","width":350,"height":200},"classes":[]},{"id":1324,"url":"http:\/\/jpa67.fr\/fr\/recherche-daccompagnateurs-individuels\/","url_meta":{"origin":912,"position":2},"title":"Recherche d&rsquo;accompagnateurs individuels","date":"12 avril 2018","format":false,"excerpt":"Nous recherchons des accompagnateurs individuels pour des enfants en situation de handicap (Accompagnement en Colonies de vacances en milieu ordinaire) \u00a0 Le Centre Ressources Enfance - Jeunesse & Handicap (CREJH) de la Jeunesse au Plein Air du Bas-Rhin a pour mission de faciliter\u00a0l'accueil des enfants en situation de handicap, dans\u2026","rel":"","context":"Dans &quot;Centre Ressources Enfance-Jeunesse &amp; Handicap&quot;","img":{"alt_text":"","src":"https:\/\/i0.wp.com\/jpa67.fr\/fr\/wp-content\/uploads\/2018\/03\/miseEnAvant_Wordpress.jpg?resize=350%2C200","width":350,"height":200},"classes":[]},{"id":241,"url":"http:\/\/jpa67.fr\/fr\/publication-jpa-special-directeur-acm-2016\/","url_meta":{"origin":912,"position":3},"title":"Publication JPA : Sp\u00e9cial Directeur ACM 2016","date":"20 avril 2016","format":false,"excerpt":"L'association Jeunesse au Plein Air vient de mettre en vente la publication \"SP\u00c9CIAL DIRECTEUR ACM 2016\". Recommand\u00e9 aux directeurs de colonies de vacances, de centres de loisirs et de camps scouts, \u00e0 leurs adjoints et aux animateurs qui souhaitent devenir encore plus responsables, le \u00ab Sp\u00e9cial Directeur \u00bb prend en\u2026","rel":"","context":"Dans &quot;Colonies de vacances&quot;","img":{"alt_text":"","src":"https:\/\/i0.wp.com\/jpa67.fr\/fr\/wp-content\/uploads\/2016\/05\/special-directeur-2016.jpg?resize=350%2C200","width":350,"height":200},"classes":[]},{"id":1214,"url":"http:\/\/jpa67.fr\/fr\/catalogue-2018\/","url_meta":{"origin":912,"position":4},"title":"Catalogue 2018","date":"6 f\u00e9vrier 2018","format":false,"excerpt":"La catalogue 2018\u00a0des s\u00e9jours de vacances en milieu ordinaire , vient de sortir, en version num\u00e9rique, la version papier devrait bient\u00f4t nous \u00eatre livr\u00e9e ! Ce catalogue regroupe, des s\u00e9jours de vacances propos\u00e9s par nos partenaires, les PEP Alsace, l'AROEVEN et Vacances Pour Tous. CATALOGUE_2018","rel":"","context":"Dans &quot;Centre Ressources Enfance-Jeunesse &amp; Handicap&quot;","img":{"alt_text":"","src":"https:\/\/i0.wp.com\/jpa67.fr\/fr\/wp-content\/uploads\/2018\/02\/couv_catalogue.jpg?resize=350%2C200","width":350,"height":200},"classes":[]},{"id":900,"url":"http:\/\/jpa67.fr\/fr\/le-catalogue-des-sejours-de-vacances-en-milieu-ordinaire-est-paru\/","url_meta":{"origin":912,"position":5},"title":"Le catalogue des s\u00e9jours de vacances en milieu \u00ab\u00a0ordinaire\u00a0\u00bb est paru","date":"4 mars 2017","format":false,"excerpt":"T\u00e9l\u00e9chargez-le. Il contient les s\u00e9jours recommand\u00e9s par la JPA 67.","rel":"","context":"Dans &quot;Centre Ressources Enfance-Jeunesse &amp; Handicap&quot;","img":{"alt_text":"","src":"https:\/\/i0.wp.com\/jpa67.fr\/fr\/wp-content\/uploads\/2016\/05\/CATALOGUE-2017_couverture.jpg?resize=350%2C200","width":350,"height":200},"classes":[]}],"_links":{"self":[{"href":"http:\/\/jpa67.fr\/fr\/wp-json\/wp\/v2\/posts\/912"}],"collection":[{"href":"http:\/\/jpa67.fr\/fr\/wp-json\/wp\/v2\/posts"}],"about":[{"href":"http:\/\/jpa67.fr\/fr\/wp-json\/wp\/v2\/types\/post"}],"author":[{"embeddable":true,"href":"http:\/\/jpa67.fr\/fr\/wp-json\/wp\/v2\/users\/2"}],"replies":[{"embeddable":true,"href":"http:\/\/jpa67.fr\/fr\/wp-json\/wp\/v2\/comments?post=912"}],"version-history":[{"count":4,"href":"http:\/\/jpa67.fr\/fr\/wp-json\/wp\/v2\/posts\/912\/revisions"}],"predecessor-version":[{"id":1049,"href":"http:\/\/jpa67.fr\/fr\/wp-json\/wp\/v2\/posts\/912\/revisions\/1049"}],"wp:featuredmedia":[{"embeddable":true,"href":"http:\/\/jpa67.fr\/fr\/wp-json\/wp\/v2\/media\/918"}],"wp:attachment":[{"href":"http:\/\/jpa67.fr\/fr\/wp-json\/wp\/v2\/media?parent=912"}],"wp:term":[{"taxonomy":"category","embeddable":true,"href":"http:\/\/jpa67.fr\/fr\/wp-json\/wp\/v2\/categories?post=912"},{"taxonomy":"post_tag","embeddable":true,"href":"http:\/\/jpa67.fr\/fr\/wp-json\/wp\/v2\/tags?post=912"}],"curies":[{"name":"wp","href":"https:\/\/api.w.org\/{rel}","templated":true}]}}