{"id":923,"date":"2017-06-05T10:38:59","date_gmt":"2017-06-05T09:38:59","guid":{"rendered":"http:\/\/jpa67.fr\/fr\/?p=923"},"modified":"2018-01-29T15:44:33","modified_gmt":"2018-01-29T14:44:33","slug":"enquete-les-enfants-en-situation-de-handicap-et-les-aides-jpa-ancv","status":"publish","type":"post","link":"http:\/\/jpa67.fr\/fr\/enquete-les-enfants-en-situation-de-handicap-et-les-aides-jpa-ancv\/","title":{"rendered":"Enqu\u00eate : les enfants en situation de handicap et les aides JPA-ANCV"},"content":{"rendered":"<p>La JPA vient de publier les r\u00e9sultats d\u2019une enqu\u00eate sur la mani\u00e8re dont les parents d\u2019enfants en situation de handicap per\u00e7oivent les aides JPA-ANCV.<\/p>\n<p>Premier constat\u00a0: sans ces aides financi\u00e8res, plus de 45% des parents n\u2019auraient pas pu faire profiter leurs enfants des colonies de vacances. Pour plus de 87% d\u2019entre eux, elles ont \u00e9t\u00e9 entre moyennement et pleinement d\u00e9cisives.<\/p>\n<p>4 enfants sur 10 passent leurs vacances dans un centre \u00ab\u00a0inclusif\u00a0\u00bb, c\u2019est-\u00e0-dire parmi les enfants \u00ab\u00a0ordinaires\u00a0\u00bb. C\u2019est encourageant.<\/p>\n<p>Et ces s\u00e9jours sont tr\u00e8s b\u00e9n\u00e9fiques pour eux, notamment du point de vue du savoir-\u00eatre.<\/p>\n<h3>Quelques t\u00e9moignages\u00a0:<\/h3>\n<p>\u00ab\u00a0Damien est content des s\u00e9jours \u00e0 cheval et de voir le monde pour se faire des amis.\u00a0 Merci.\u00a0\u00bb<\/p>\n<p>\u00ab\u00a0Il revient plus calme et plus pos\u00e9 lorsqu&rsquo;il se sent bien entour\u00e9 pendant le s\u00e9jour.\u00a0\u00bb<\/p>\n<p>\u00ab\u00a0Ma\u00eblle a d\u00e9j\u00e0 eu cette exp\u00e9rience l&rsquo;ann\u00e9e derni\u00e8re et elle est demandeuse \u00e0 refaire un \u00ab\u00a0camp avec les copains\u00a0\u00bb cette ann\u00e9e. Ce type de s\u00e9jour lui permet de g\u00e9rer un \u00ab\u00a0d\u00e9part vers l&rsquo;inconnu\u00a0\u00bb, vers des personnes qu&rsquo;elle ne conna\u00eet pas, dans un environnement inconnu, loin de ses habitudes, ce qui est d\u00e9j\u00e0 un tr\u00e8s grand pas vers l&rsquo;autonomie, et g\u00e9rer son appr\u00e9hension. C&rsquo;\u00e9tait son deuxi\u00e8me s\u00e9jour, et Ma\u00eblle en revient heureuse et pleine de bons souvenirs. Alors MERCI.\u00a0\u00bb<\/p>\n<p>\u00ab\u00a0Il appr\u00e9cie d&rsquo;\u00eatre avec des jeunes de son \u00e2ge, ce n&rsquo;est pas le cas au quotidien. Il n&rsquo;est pas en mesure de formuler son ressenti (enfant autiste non verbal) mais, le s\u00e9jour s&rsquo;\u00e9tant tr\u00e8s bien pass\u00e9, on peut estimer qu&rsquo;il en a \u00e9t\u00e9 tr\u00e8s satisfait.\u00a0\u00bb<\/p>\n<p>\u00ab\u00a0Cette coupure lui a fait du bien et \u00e0 moi aussi d&rsquo;ailleurs. Je pense qu&rsquo;il serait pr\u00eat \u00e0 recommencer l&rsquo;exp\u00e9rience.\u00a0\u00bb<\/p>\n<p>\u00ab\u00a0Merci pour ces aides, je n&rsquo;aurais pas pu seul.\u00a0\u00bb<\/p>\n<p>\u00ab\u00a0Ces vacances repr\u00e9sentent comme une d\u00e9livrance pour Lamine et un peu de r\u00e9pit pour le reste de la famille.\u00a0\u00bb<\/p>\n<p>Consultez<a href=\"http:\/\/jpa67.fr\/fr\/wp-content\/uploads\/2017\/06\/Impact-des-aides-JPA-R\u00e9sultats-au-28-mars-17-VAC-SH.pdf\"> le d\u00e9tail de l\u2019enqu\u00eate<\/a>.<\/p>\n","protected":false},"excerpt":{"rendered":"<p>La JPA vient de publier les r\u00e9sultats d\u2019une enqu\u00eate sur la mani\u00e8re dont les parents d\u2019enfants en situation de handicap [&hellip;]<\/p>\n","protected":false},"author":2,"featured_media":926,"comment_status":"closed","ping_status":"open","sticky":false,"template":"","format":"standard","meta":{"spay_email":"","jetpack_publicize_message":"","jetpack_is_tweetstorm":false,"jetpack_publicize_feature_enabled":true},"categories":[119,17,27],"tags":[113,75,114,4,53,115,42,79],"jetpack_featured_media_url":"http:\/\/jpa67.fr\/fr\/wp-content\/uploads\/2017\/06\/IMG_1410.jpg","jetpack_publicize_connections":[],"jetpack_sharing_enabled":true,"jetpack_shortlink":"https:\/\/wp.me\/p7mWfa-eT","jetpack-related-posts":[{"id":569,"url":"http:\/\/jpa67.fr\/fr\/aides-jpa-ancv-comment-proceder-en-2016-2017\/","url_meta":{"origin":923,"position":0},"title":"Aides JPA-ANCV : comment proc\u00e9der en 2016-2017","date":"18 septembre 2016","format":false,"excerpt":"Quelques informations et conseils pour avoir un maximum de chances d\u2019obtenir une aide au titre du dispositif JPA-ANCV. Les sommes disponibles sont en baisse, donc il est prudent d\u2019envoyer vos demandes le plus t\u00f4t possible, en respectant le d\u00e9lai de 3 semaines avant le d\u00e9part, sous peine de voir refuser\u2026","rel":"","context":"Dans &quot;Classes de D\u00e9couvertes&quot;","img":{"alt_text":"","src":"https:\/\/i0.wp.com\/jpa67.fr\/fr\/wp-content\/uploads\/2016\/09\/Fotolia_6748035_XS-e1474188864732.jpg?resize=350%2C200","width":350,"height":200},"classes":[]},{"id":887,"url":"http:\/\/jpa67.fr\/fr\/les-aides-2017-consultez-le-nouveau-tableau\/","url_meta":{"origin":923,"position":1},"title":"Les aides 2017 : consultez le nouveau tableau","date":"3 mars 2017","format":false,"excerpt":"2017 est une ann\u00e9e difficile car les subventions pour les Classes de D\u00e9couvertes qu'attribuait l'Agence Nationale pour les Ch\u00e8ques-Vacances (ANCV) ont \u00e9t\u00e9 fortement r\u00e9duites. Mais la JPA 67 s'efforce d'accorder le plus d'aides possibles. Consultez le tableau. Pour nous aider \u00e0 aider les enfants \u00e0 partir en vacances, participes \u00e0\u2026","rel":"","context":"Dans &quot;Informations g\u00e9n\u00e9rales&quot;","img":{"alt_text":"","src":"https:\/\/i0.wp.com\/jpa67.fr\/fr\/wp-content\/uploads\/2017\/03\/IMG_6710.jpg?resize=350%2C200","width":350,"height":200},"classes":[]},{"id":1348,"url":"http:\/\/jpa67.fr\/fr\/journee-dechange-9-juin-2018\/","url_meta":{"origin":923,"position":2},"title":"Journ\u00e9e d&rsquo;\u00c9change &#8211; 9 juin 2018","date":"25 mai 2018","format":false,"excerpt":"Le Centre Ressources Enfance-jeunesse et Handicap de la Jeunesse au Plein Air du Bas-Rhin organise une Journ\u00e9e d\u2019\u00c9change \u00e0 destination des familles et des professionnels. L\u2019entr\u00e9e est sur inscription, vous pouvez soit vous inscrire en ligne en suivant ce lien : inscription en ligne Ou t\u00e9l\u00e9charger la plaquette et le\u2026","rel":"","context":"Dans &quot;Centre Ressources Enfance-Jeunesse &amp; Handicap&quot;","img":{"alt_text":"","src":"","width":0,"height":0},"classes":[]},{"id":2275,"url":"http:\/\/jpa67.fr\/fr\/reunion-dinformations-2\/","url_meta":{"origin":923,"position":3},"title":"R\u00e9union d&rsquo;informations","date":"13 septembre 2018","format":false,"excerpt":"R\u00e9union d\u2019informations \u2013 19 octobre 2018 UN PROJET \u00ab\u00a0LOISIRS\u00a0\u00bb ? Le Centre Ressources Enfance-Jeunesse & Handicap (CREJH)\u00a0de la Jeunesse au Plein Air (JPA) du Bas-Rhin peut vous apporter des informations et des conseils pour un accueil en centre de loisirs, un d\u00e9part en colonie de vacances, besoin d\u2019un temps de\u2026","rel":"","context":"Dans &quot;Centre Ressources Enfance-Jeunesse &amp; Handicap&quot;","img":{"alt_text":"","src":"https:\/\/i0.wp.com\/jpa67.fr\/fr\/wp-content\/uploads\/2018\/07\/affiche_reuInfos_sept.jpg?resize=350%2C200","width":350,"height":200},"classes":[]},{"id":1315,"url":"http:\/\/jpa67.fr\/fr\/reunion-dinformations-18-mai-2018\/","url_meta":{"origin":923,"position":4},"title":"R\u00e9union d&rsquo;informations &#8211; 18 mai 2018","date":"5 avril 2018","format":false,"excerpt":"UN PROJET \"LOISIRS\" ? Le Centre Ressources Enfance-Jeunesse & Handicap (CREJH)\u00a0de la Jeunesse au Plein Air (JPA) du Bas-Rhin peut vous apporter des informations et des conseils pour un accueil en centre de loisirs, un d\u00e9part en colonie de vacances, besoin d'un temps de r\u00e9pit, etc... Nous vous proposons de\u2026","rel":"","context":"Dans &quot;Centre Ressources Enfance-Jeunesse &amp; Handicap&quot;","img":{"alt_text":"","src":"https:\/\/i0.wp.com\/jpa67.fr\/fr\/wp-content\/uploads\/2018\/03\/miseEnAvant_Wordpress.jpg?resize=350%2C200","width":350,"height":200},"classes":[]},{"id":1074,"url":"http:\/\/jpa67.fr\/fr\/reunion-dinformations\/","url_meta":{"origin":923,"position":5},"title":"R\u00e9union d&rsquo;informations","date":"24 janvier 2018","format":false,"excerpt":"UN PROJET \"LOISIRS\" ? Le Centre Ressources Enfance-Jeunesse & Handicap (CREJH)\u00a0de la Jeunesse au Plein Air (JPA) du Bas-Rhin peut vous apporter des informations et des conseils pour un accueil en centre de loisirs, un d\u00e9part en colonie de vacances, besoin d'un temps de r\u00e9pit, etc... Nous vous proposons de\u2026","rel":"","context":"Dans &quot;Centre Ressources Enfance-Jeunesse &amp; Handicap&quot;","img":{"alt_text":"","src":"https:\/\/i0.wp.com\/jpa67.fr\/fr\/wp-content\/uploads\/2018\/01\/banniereCREJH_Final_vecto.png?resize=350%2C200","width":350,"height":200},"classes":[]}],"_links":{"self":[{"href":"http:\/\/jpa67.fr\/fr\/wp-json\/wp\/v2\/posts\/923"}],"collection":[{"href":"http:\/\/jpa67.fr\/fr\/wp-json\/wp\/v2\/posts"}],"about":[{"href":"http:\/\/jpa67.fr\/fr\/wp-json\/wp\/v2\/types\/post"}],"author":[{"embeddable":true,"href":"http:\/\/jpa67.fr\/fr\/wp-json\/wp\/v2\/users\/2"}],"replies":[{"embeddable":true,"href":"http:\/\/jpa67.fr\/fr\/wp-json\/wp\/v2\/comments?post=923"}],"version-history":[{"count":1,"href":"http:\/\/jpa67.fr\/fr\/wp-json\/wp\/v2\/posts\/923\/revisions"}],"predecessor-version":[{"id":925,"href":"http:\/\/jpa67.fr\/fr\/wp-json\/wp\/v2\/posts\/923\/revisions\/925"}],"wp:featuredmedia":[{"embeddable":true,"href":"http:\/\/jpa67.fr\/fr\/wp-json\/wp\/v2\/media\/926"}],"wp:attachment":[{"href":"http:\/\/jpa67.fr\/fr\/wp-json\/wp\/v2\/media?parent=923"}],"wp:term":[{"taxonomy":"category","embeddable":true,"href":"http:\/\/jpa67.fr\/fr\/wp-json\/wp\/v2\/categories?post=923"},{"taxonomy":"post_tag","embeddable":true,"href":"http:\/\/jpa67.fr\/fr\/wp-json\/wp\/v2\/tags?post=923"}],"curies":[{"name":"wp","href":"https:\/\/api.w.org\/{rel}","templated":true}]}}