{"id":98,"date":"2017-01-19T09:00:55","date_gmt":"2017-01-19T08:00:55","guid":{"rendered":"http:\/\/jpa67.fr\/fr\/?p=98"},"modified":"2017-01-19T09:00:30","modified_gmt":"2017-01-19T08:00:30","slug":"demarrage-de-la-campagne-eleves-solidaires-2016","status":"publish","type":"post","link":"http:\/\/jpa67.fr\/fr\/demarrage-de-la-campagne-eleves-solidaires-2016\/","title":{"rendered":"Lancement de la Campagne de Solidarit\u00e9 2017"},"content":{"rendered":"<div id=\"attachment_857\" style=\"width: 310px\" class=\"wp-caption alignleft\"><a href=\"http:\/\/jpa67.fr\/fr\/wp-content\/uploads\/2016\/01\/IMG_0655-b.jpg\"><img aria-describedby=\"caption-attachment-857\" loading=\"lazy\" class=\"wp-image-857 size-medium\" src=\"http:\/\/jpa67.fr\/fr\/wp-content\/uploads\/2016\/01\/IMG_0655-b-300x225.jpg\" width=\"300\" height=\"225\" srcset=\"http:\/\/jpa67.fr\/fr\/wp-content\/uploads\/2016\/01\/IMG_0655-b-300x225.jpg 300w, http:\/\/jpa67.fr\/fr\/wp-content\/uploads\/2016\/01\/IMG_0655-b-768x576.jpg 768w, http:\/\/jpa67.fr\/fr\/wp-content\/uploads\/2016\/01\/IMG_0655-b-1024x768.jpg 1024w\" sizes=\"(max-width: 300px) 100vw, 300px\" \/><\/a><p id=\"caption-attachment-857\" class=\"wp-caption-text\">Christian Schneider, notre parrain, et trois joueurs de l&rsquo;Etoile Noire<\/p><\/div>\n<p>Salle comble au Coll\u00e8ge Galil\u00e9e et belle ambiance. En plus du Coll\u00e8ge qui nous a accueillis (merci Madame Morel), des \u00e9l\u00e8ves du Coll\u00e8ge Maxime Alexandre et de l&rsquo;Ecole El\u00e9mentaire des Pr\u00e9s ont pr\u00e9sent\u00e9 des chants et des travaux. Mme la Rectrice \u00e9tait repr\u00e9sent\u00e9e par M. Dickel\u00e9 et M. Bur, Maire de Lingolsheim, par Mme Graef-Eckert, qui est aussi Conseill\u00e8re d\u00e9partementale. M. Christian Schneider, Directeur de la communication du Club de l&rsquo;Etoile Noire, \u00e9tait accompagn\u00e9 de trois de ses joueurs, ainsi que de Daniel Bourdages, leur entra\u00eeneur que tout le monde conna\u00eet. L&rsquo;Etoile Noire parraine notre \u00ab\u00a0Campagne\u00a0\u00bb depuis de longues ann\u00e9es.<\/p>\n<div id=\"attachment_859\" style=\"width: 310px\" class=\"wp-caption alignright\"><a href=\"http:\/\/jpa67.fr\/fr\/wp-content\/uploads\/2016\/01\/IMG_0661-b.jpg\"><img aria-describedby=\"caption-attachment-859\" loading=\"lazy\" class=\"wp-image-859 size-medium\" src=\"http:\/\/jpa67.fr\/fr\/wp-content\/uploads\/2016\/01\/IMG_0661-b-300x225.jpg\" width=\"300\" height=\"225\" srcset=\"http:\/\/jpa67.fr\/fr\/wp-content\/uploads\/2016\/01\/IMG_0661-b-300x225.jpg 300w, http:\/\/jpa67.fr\/fr\/wp-content\/uploads\/2016\/01\/IMG_0661-b-768x576.jpg 768w, http:\/\/jpa67.fr\/fr\/wp-content\/uploads\/2016\/01\/IMG_0661-b.jpg 850w\" sizes=\"(max-width: 300px) 100vw, 300px\" \/><\/a><p id=\"caption-attachment-859\" class=\"wp-caption-text\">Daniel Bourdages, entra\u00eeneur de l&rsquo;Etoile Noire<\/p><\/div>\n<p>Cette campagne est surtout une collecte de fonds dans les \u00e9coles. Le Pr\u00e9sident de la Jeunesse au Plein Air du Bas-Rhin, Jean Egler, a soulign\u00e9 l&rsquo;importance de la mixit\u00e9 sociale et du vivre ensemble et a trac\u00e9 une voie nouvelle pour abonder notre collecte : le m\u00e9c\u00e9nat d&rsquo;entreprise, d\u00e9j\u00e0 bien initi\u00e9 gr\u00e2ce \u00e0 l&rsquo;aide que nous ont accord\u00e9e la Fondation SNCF et la Soci\u00e9t\u00e9 Hoffmann Group de Drusenheim.<\/p>\n<p>Les b\u00e9n\u00e9ficiaires des sommes collect\u00e9es sont les enfants de familles modestes ou en situation de handicap d\u00e9sireux de partir en colonie de vacances.<\/p>\n<p>Les colos ont \u00e9t\u00e9 tr\u00e8s pr\u00e9sentes dans cette rencontre. Georges Gunsett, notre Secr\u00e9taire g\u00e9n\u00e9ral, qui en a assur\u00e9 l\u2019animation, a appel\u00e9 plusieurs enfants et adolescents \u00e0 t\u00e9moigner de leur exp\u00e9rience des colos. Ils en ont parl\u00e9 avec enthousiasme, en rappelant les nuits sous la tente, la construction de cabanes, les plaisirs des jeux et de l\u2019amiti\u00e9.<\/p>\n<p>Mais c\u2019est aussi le r\u00f4le social des colonies de vacances qui a \u00e9t\u00e9 \u00e9voqu\u00e9. Mme Graef-Eckert a constat\u00e9 qu\u2019en revenant d\u2019une colonie de vacances ses enfants avaient grandi.<\/p>\n<p>Nous esp\u00e9rons \u00e0 pr\u00e9sent que les \u00e9tablissements scolaires participeront activement \u00e0 cette Campagne. Ils peuvent le faire en invitant leurs \u00e9l\u00e8ves \u00e0 proposer des vignettes ou des r\u00e9glettes \u00e0 leur entourage. Mais ils ont aussi la possibilit\u00e9, dans les lyc\u00e9es et les coll\u00e8ges, d\u2019associer notre cause \u00e0 un \u00e9v\u00e9nement ou un projet qu\u2019ils organisent.<\/p>\n\n\t\t<style type=\"text\/css\">\n\t\t\t#gallery-1 {\n\t\t\t\tmargin: auto;\n\t\t\t}\n\t\t\t#gallery-1 .gallery-item {\n\t\t\t\tfloat: left;\n\t\t\t\tmargin-top: 10px;\n\t\t\t\ttext-align: center;\n\t\t\t\twidth: 50%;\n\t\t\t}\n\t\t\t#gallery-1 img {\n\t\t\t\tborder: 2px solid #cfcfcf;\n\t\t\t}\n\t\t\t#gallery-1 .gallery-caption {\n\t\t\t\tmargin-left: 0;\n\t\t\t}\n\t\t\t\/* see gallery_shortcode() in wp-includes\/media.php *\/\n\t\t<\/style>\n\t\t<div id='gallery-1' class='gallery galleryid-98 gallery-columns-2 gallery-size-medium'><dl class='gallery-item'>\n\t\t\t<dt class='gallery-icon landscape'>\n\t\t\t\t<a href='http:\/\/jpa67.fr\/fr\/demarrage-de-la-campagne-eleves-solidaires-2016\/img_0612\/#main'><img width=\"300\" height=\"225\" src=\"http:\/\/jpa67.fr\/fr\/wp-content\/uploads\/2016\/01\/IMG_0612-300x225.jpg\" class=\"attachment-medium size-medium\" alt=\"\" loading=\"lazy\" aria-describedby=\"gallery-1-862\" srcset=\"http:\/\/jpa67.fr\/fr\/wp-content\/uploads\/2016\/01\/IMG_0612-300x225.jpg 300w, http:\/\/jpa67.fr\/fr\/wp-content\/uploads\/2016\/01\/IMG_0612-768x576.jpg 768w, http:\/\/jpa67.fr\/fr\/wp-content\/uploads\/2016\/01\/IMG_0612.jpg 850w\" sizes=\"(max-width: 300px) 100vw, 300px\" \/><\/a>\n\t\t\t<\/dt>\n\t\t\t\t<dd class='wp-caption-text gallery-caption' id='gallery-1-862'>\n\t\t\t\tCatherine Morel, Principale du Coll\u00e8ge Galil\u00e9e\n\t\t\t\t<\/dd><\/dl><dl class='gallery-item'>\n\t\t\t<dt class='gallery-icon landscape'>\n\t\t\t\t<a href='http:\/\/jpa67.fr\/fr\/demarrage-de-la-campagne-eleves-solidaires-2016\/img_0629-b\/#main'><img width=\"300\" height=\"225\" src=\"http:\/\/jpa67.fr\/fr\/wp-content\/uploads\/2016\/01\/IMG_0629-b-300x225.jpg\" class=\"attachment-medium size-medium\" alt=\"\" loading=\"lazy\" srcset=\"http:\/\/jpa67.fr\/fr\/wp-content\/uploads\/2016\/01\/IMG_0629-b-300x225.jpg 300w, http:\/\/jpa67.fr\/fr\/wp-content\/uploads\/2016\/01\/IMG_0629-b-768x576.jpg 768w, http:\/\/jpa67.fr\/fr\/wp-content\/uploads\/2016\/01\/IMG_0629-b.jpg 850w\" sizes=\"(max-width: 300px) 100vw, 300px\" \/><\/a>\n\t\t\t<\/dt><\/dl><br style=\"clear: both\" \/><dl class='gallery-item'>\n\t\t\t<dt class='gallery-icon landscape'>\n\t\t\t\t<a href='http:\/\/jpa67.fr\/fr\/demarrage-de-la-campagne-eleves-solidaires-2016\/img_0643\/#main'><img width=\"300\" height=\"225\" src=\"http:\/\/jpa67.fr\/fr\/wp-content\/uploads\/2016\/01\/IMG_0643-300x225.jpg\" class=\"attachment-medium size-medium\" alt=\"\" loading=\"lazy\" srcset=\"http:\/\/jpa67.fr\/fr\/wp-content\/uploads\/2016\/01\/IMG_0643-300x225.jpg 300w, http:\/\/jpa67.fr\/fr\/wp-content\/uploads\/2016\/01\/IMG_0643-768x576.jpg 768w, http:\/\/jpa67.fr\/fr\/wp-content\/uploads\/2016\/01\/IMG_0643.jpg 850w\" sizes=\"(max-width: 300px) 100vw, 300px\" \/><\/a>\n\t\t\t<\/dt><\/dl><dl class='gallery-item'>\n\t\t\t<dt class='gallery-icon landscape'>\n\t\t\t\t<a href='http:\/\/jpa67.fr\/fr\/demarrage-de-la-campagne-eleves-solidaires-2016\/img_0652\/#main'><img width=\"300\" height=\"225\" src=\"http:\/\/jpa67.fr\/fr\/wp-content\/uploads\/2016\/01\/IMG_0652-300x225.jpg\" class=\"attachment-medium size-medium\" alt=\"\" loading=\"lazy\" srcset=\"http:\/\/jpa67.fr\/fr\/wp-content\/uploads\/2016\/01\/IMG_0652-300x225.jpg 300w, http:\/\/jpa67.fr\/fr\/wp-content\/uploads\/2016\/01\/IMG_0652-768x576.jpg 768w, http:\/\/jpa67.fr\/fr\/wp-content\/uploads\/2016\/01\/IMG_0652.jpg 850w\" sizes=\"(max-width: 300px) 100vw, 300px\" \/><\/a>\n\t\t\t<\/dt><\/dl><br style=\"clear: both\" \/><dl class='gallery-item'>\n\t\t\t<dt class='gallery-icon landscape'>\n\t\t\t\t<a href='http:\/\/jpa67.fr\/fr\/demarrage-de-la-campagne-eleves-solidaires-2016\/img_0623-b\/#main'><img width=\"300\" height=\"225\" src=\"http:\/\/jpa67.fr\/fr\/wp-content\/uploads\/2016\/01\/IMG_0623-b-300x225.jpg\" class=\"attachment-medium size-medium\" alt=\"\" loading=\"lazy\" srcset=\"http:\/\/jpa67.fr\/fr\/wp-content\/uploads\/2016\/01\/IMG_0623-b-300x225.jpg 300w, http:\/\/jpa67.fr\/fr\/wp-content\/uploads\/2016\/01\/IMG_0623-b-768x576.jpg 768w, http:\/\/jpa67.fr\/fr\/wp-content\/uploads\/2016\/01\/IMG_0623-b.jpg 850w\" sizes=\"(max-width: 300px) 100vw, 300px\" \/><\/a>\n\t\t\t<\/dt><\/dl><dl class='gallery-item'>\n\t\t\t<dt class='gallery-icon landscape'>\n\t\t\t\t<a href='http:\/\/jpa67.fr\/fr\/demarrage-de-la-campagne-eleves-solidaires-2016\/img_0600-b\/#main'><img width=\"300\" height=\"225\" src=\"http:\/\/jpa67.fr\/fr\/wp-content\/uploads\/2016\/01\/IMG_0600-b-300x225.jpg\" class=\"attachment-medium size-medium\" alt=\"\" loading=\"lazy\" srcset=\"http:\/\/jpa67.fr\/fr\/wp-content\/uploads\/2016\/01\/IMG_0600-b-300x225.jpg 300w, http:\/\/jpa67.fr\/fr\/wp-content\/uploads\/2016\/01\/IMG_0600-b-768x576.jpg 768w, http:\/\/jpa67.fr\/fr\/wp-content\/uploads\/2016\/01\/IMG_0600-b.jpg 850w\" sizes=\"(max-width: 300px) 100vw, 300px\" \/><\/a>\n\t\t\t<\/dt><\/dl><br style=\"clear: both\" \/><dl class='gallery-item'>\n\t\t\t<dt class='gallery-icon landscape'>\n\t\t\t\t<a href='http:\/\/jpa67.fr\/fr\/demarrage-de-la-campagne-eleves-solidaires-2016\/dsc_0248\/#main'><img width=\"300\" height=\"169\" src=\"http:\/\/jpa67.fr\/fr\/wp-content\/uploads\/2016\/01\/DSC_0248-300x169.jpg\" class=\"attachment-medium size-medium\" alt=\"\" loading=\"lazy\" aria-describedby=\"gallery-1-850\" srcset=\"http:\/\/jpa67.fr\/fr\/wp-content\/uploads\/2016\/01\/DSC_0248-300x169.jpg 300w, http:\/\/jpa67.fr\/fr\/wp-content\/uploads\/2016\/01\/DSC_0248-768x432.jpg 768w, http:\/\/jpa67.fr\/fr\/wp-content\/uploads\/2016\/01\/DSC_0248-1024x576.jpg 1024w\" sizes=\"(max-width: 300px) 100vw, 300px\" \/><\/a>\n\t\t\t<\/dt>\n\t\t\t\t<dd class='wp-caption-text gallery-caption' id='gallery-1-850'>\n\t\t\t\tGeorges Gunsett et Thierry Dickel\u00e9, Directeur acad\u00e9mique adjoint des services de l&rsquo;\u00e9ducation nationale\n\t\t\t\t<\/dd><\/dl><dl class='gallery-item'>\n\t\t\t<dt class='gallery-icon landscape'>\n\t\t\t\t<a href='http:\/\/jpa67.fr\/fr\/demarrage-de-la-campagne-eleves-solidaires-2016\/dsc_0254\/#main'><img width=\"300\" height=\"169\" src=\"http:\/\/jpa67.fr\/fr\/wp-content\/uploads\/2016\/01\/DSC_0254-300x169.jpg\" class=\"attachment-medium size-medium\" alt=\"\" loading=\"lazy\" aria-describedby=\"gallery-1-851\" srcset=\"http:\/\/jpa67.fr\/fr\/wp-content\/uploads\/2016\/01\/DSC_0254-300x169.jpg 300w, http:\/\/jpa67.fr\/fr\/wp-content\/uploads\/2016\/01\/DSC_0254-768x432.jpg 768w, http:\/\/jpa67.fr\/fr\/wp-content\/uploads\/2016\/01\/DSC_0254.jpg 850w\" sizes=\"(max-width: 300px) 100vw, 300px\" \/><\/a>\n\t\t\t<\/dt>\n\t\t\t\t<dd class='wp-caption-text gallery-caption' id='gallery-1-851'>\n\t\t\t\tCatherine Graef-Eckert, Conseill\u00e8re d\u00e9partementalee\n\t\t\t\t<\/dd><\/dl><br style=\"clear: both\" \/>\n\t\t<\/div>\n\n","protected":false},"excerpt":{"rendered":"<p>Salle comble au Coll\u00e8ge Galil\u00e9e et belle ambiance. En plus du Coll\u00e8ge qui nous a accueillis (merci Madame Morel), des [&hellip;]<\/p>\n","protected":false},"author":1,"featured_media":854,"comment_status":"closed","ping_status":"open","sticky":false,"template":"","format":"standard","meta":{"spay_email":"","jetpack_publicize_message":"","jetpack_is_tweetstorm":false,"jetpack_publicize_feature_enabled":true},"categories":[9,27],"tags":[16,107,102,15,105,11,12,103,13,14,106,10,104],"jetpack_featured_media_url":"http:\/\/jpa67.fr\/fr\/wp-content\/uploads\/2016\/01\/IMG_0629-b.jpg","jetpack_publicize_connections":[],"jetpack_sharing_enabled":true,"jetpack_shortlink":"https:\/\/wp.me\/p7mWfa-1A","jetpack-related-posts":[{"id":160,"url":"http:\/\/jpa67.fr\/fr\/les-gagnants-du-concours-dessine-moi-une-colo\/","url_meta":{"origin":98,"position":0},"title":"Les gagnants du Concours \u00ab\u00a0Dessine-moi une colo!\u00a0\u00bb","date":"28 juin 2015","format":false,"excerpt":"Le 26 juin 2015 a eu lieu la remise des prix du concours \"Dessine-moi une colo!\", au Parc du Petit Prince d'Ungersheim qui a accueilli, gratuitement, 237 personnes,\u00a0\u00e9l\u00e8ves et\u00a0accompagnateurs. Dans la cat\u00e9gorie Ecoles \u00e9l\u00e9mentaires L'Ecole El\u00e9mentaire Illberg de Mulhouse L'Ecole \u00e9l\u00e9mentaire de Hersbach L'Ecole \u00e9l\u00e9mentaire d'Ernolsheim sur Bruche L'Ecole \u00e9l\u00e9mentaire\u2026","rel":"","context":"Dans &quot;Campagne El\u00e8ves Solidaires&quot;","img":{"alt_text":"","src":"https:\/\/i0.wp.com\/jpa67.fr\/fr\/wp-content\/uploads\/2016\/04\/Coll\u00e8ge_Mutzig.png?resize=350%2C200","width":350,"height":200},"classes":[]},{"id":2243,"url":"http:\/\/jpa67.fr\/fr\/actions-envacances\/","url_meta":{"origin":98,"position":1},"title":"Actions #EnVacances","date":"3 septembre 2018","format":false,"excerpt":"Quand une s\u00e9natrice fait part des propositions faites par la Jeunesse au Plein Air, Solidarit\u00e9 La\u00efques et l\u2019UNAT, au gouvernement, on se dit que notre action a un sens et donne envie de continuer. Merci \u00e0 Mme la s\u00e9natrice Marie-Pierre MONIER pour son intervention et Mr le s\u00e9nateur Jacques BIGOT\u2026","rel":"","context":"Dans &quot;Colonies de vacances&quot;","img":{"alt_text":"# EnVacances !","src":"https:\/\/i0.wp.com\/jpa67.fr\/fr\/wp-content\/uploads\/2018\/09\/EnVacances-.jpg?resize=350%2C200","width":350,"height":200},"classes":[]},{"id":912,"url":"http:\/\/jpa67.fr\/fr\/100colo-la-campagne-de-promotion-2017-en-faveur-des-colonies-de-vacances\/","url_meta":{"origin":98,"position":2},"title":"#100%colo : la campagne de promotion 2017 en faveur des colonies de vacances","date":"13 mars 2017","format":false,"excerpt":"Pour la troisi\u00e8me ann\u00e9e cons\u00e9cutive, le Minist\u00e8re de la Ville, de la Jeunesse et des Sports lance une grande campagne d'information et de communication en faveur des colonies de vacances, en collaboration avec la Caisse Nationale d'Allocations familiales, l'UNAT et la Jeunesse au Plein Air. Sur son site, on trouve\u2026","rel":"","context":"Dans &quot;Colonies de vacances&quot;","img":{"alt_text":"","src":"https:\/\/i0.wp.com\/jpa67.fr\/fr\/wp-content\/uploads\/2017\/03\/Colos2017_Facebook_Twitter_OuvrirAutres.jpg?resize=350%2C200","width":350,"height":200},"classes":[]},{"id":2361,"url":"http:\/\/jpa67.fr\/fr\/questionnaire-a-destination-des-parents-denfants-en-situation-de-handicap\/","url_meta":{"origin":98,"position":3},"title":"Questionnaire \u00e0 destination des parents d\u2019enfants en situation de handicap","date":"26 mars 2019","format":false,"excerpt":"LANCEMENT du questionnaire \u00e0 destination des parents d\u2019enfants en situation de handicap Ce questionnaire est \u00e0 destination des parents d'enfants en situation de handicap et est men\u00e9 par le Centre Ressources Enfance-Jeunesse & Handicap (CREJH) de la Jeunesse au Plein Air du Bas-Rhin (JPA67) avec l'appui de l'association HANDEO. L'objectif\u2026","rel":"","context":"Dans &quot;Centre Ressources Enfance-Jeunesse &amp; Handicap&quot;","img":{"alt_text":"","src":"https:\/\/i0.wp.com\/jpa67.fr\/fr\/wp-content\/uploads\/2019\/03\/Capture.png?resize=350%2C200","width":350,"height":200},"classes":[]},{"id":1270,"url":"http:\/\/jpa67.fr\/fr\/reunion-dinformations-9-mars-2018\/","url_meta":{"origin":98,"position":4},"title":"R\u00e9union d&rsquo;informations &#8211; 9 mars 2018","date":"5 mars 2018","format":false,"excerpt":"UN PROJET \"LOISIRS\" ? Le Centre Ressources Enfance-Jeunesse & Handicap (CREJH)\u00a0de la Jeunesse au Plein Air (JPA) du Bas-Rhin peut vous apporter des informations et des conseils pour un accueil en centre de loisirs, un d\u00e9part en colonie de vacances, besoin d'un temps de r\u00e9pit, etc... Nous vous proposons de\u2026","rel":"","context":"Dans &quot;archives&quot;","img":{"alt_text":"","src":"https:\/\/i0.wp.com\/jpa67.fr\/fr\/wp-content\/uploads\/2018\/03\/miseEnAvant_Wordpress.jpg?resize=350%2C200","width":350,"height":200},"classes":[]},{"id":1348,"url":"http:\/\/jpa67.fr\/fr\/journee-dechange-9-juin-2018\/","url_meta":{"origin":98,"position":5},"title":"Journ\u00e9e d&rsquo;\u00c9change &#8211; 9 juin 2018","date":"25 mai 2018","format":false,"excerpt":"Le Centre Ressources Enfance-jeunesse et Handicap de la Jeunesse au Plein Air du Bas-Rhin organise une Journ\u00e9e d\u2019\u00c9change \u00e0 destination des familles et des professionnels. L\u2019entr\u00e9e est sur inscription, vous pouvez soit vous inscrire en ligne en suivant ce lien : inscription en ligne Ou t\u00e9l\u00e9charger la plaquette et le\u2026","rel":"","context":"Dans &quot;Centre Ressources Enfance-Jeunesse &amp; Handicap&quot;","img":{"alt_text":"","src":"","width":0,"height":0},"classes":[]}],"_links":{"self":[{"href":"http:\/\/jpa67.fr\/fr\/wp-json\/wp\/v2\/posts\/98"}],"collection":[{"href":"http:\/\/jpa67.fr\/fr\/wp-json\/wp\/v2\/posts"}],"about":[{"href":"http:\/\/jpa67.fr\/fr\/wp-json\/wp\/v2\/types\/post"}],"author":[{"embeddable":true,"href":"http:\/\/jpa67.fr\/fr\/wp-json\/wp\/v2\/users\/1"}],"replies":[{"embeddable":true,"href":"http:\/\/jpa67.fr\/fr\/wp-json\/wp\/v2\/comments?post=98"}],"version-history":[{"count":7,"href":"http:\/\/jpa67.fr\/fr\/wp-json\/wp\/v2\/posts\/98\/revisions"}],"predecessor-version":[{"id":863,"href":"http:\/\/jpa67.fr\/fr\/wp-json\/wp\/v2\/posts\/98\/revisions\/863"}],"wp:featuredmedia":[{"embeddable":true,"href":"http:\/\/jpa67.fr\/fr\/wp-json\/wp\/v2\/media\/854"}],"wp:attachment":[{"href":"http:\/\/jpa67.fr\/fr\/wp-json\/wp\/v2\/media?parent=98"}],"wp:term":[{"taxonomy":"category","embeddable":true,"href":"http:\/\/jpa67.fr\/fr\/wp-json\/wp\/v2\/categories?post=98"},{"taxonomy":"post_tag","embeddable":true,"href":"http:\/\/jpa67.fr\/fr\/wp-json\/wp\/v2\/tags?post=98"}],"curies":[{"name":"wp","href":"https:\/\/api.w.org\/{rel}","templated":true}]}}