{"id":994,"date":"2017-11-28T11:25:33","date_gmt":"2017-11-28T10:25:33","guid":{"rendered":"http:\/\/jpa67.fr\/fr\/?p=994"},"modified":"2018-01-29T15:44:25","modified_gmt":"2018-01-29T14:44:25","slug":"accompagner-au-mieux-les-parents-denfants-en-situation-de-handicap","status":"publish","type":"post","link":"http:\/\/jpa67.fr\/fr\/accompagner-au-mieux-les-parents-denfants-en-situation-de-handicap\/","title":{"rendered":"Accompagner au mieux les parents d\u2019enfants en situation de handicap"},"content":{"rendered":"<p>&nbsp;<\/p>\n<h1 style=\"text-align: center;\"><span style=\"color: #f39900;\"><strong>UN PROJET \u00ab\u00a0LOISIR\u00a0\u00bb ? <\/strong><\/span><\/h1>\n<p>L&rsquo;<strong>E<\/strong>space <strong>R<\/strong>essources \u00ab\u00a0<strong>L<\/strong>oisirs et <strong>H<\/strong>andicap\u00a0\u00bb (ERLH) de la Jeunesse au Plein Air (JPA) du Bas-Rhin peut vous apporter des informations et des conseils pour un accueil en centre de loisirs, un d\u00e9part en colonie de vacances, besoin d&rsquo;un temps de r\u00e9pit, etc&#8230;<\/p>\n<p style=\"text-align: center;\">Nous vous proposons de nous rencontrer le<\/p>\n<p style=\"text-align: center;\"><span style=\"color: #422781;\"><strong>Lundi 4 D\u00e9cembre 2017 \u00e0 9 h 30 <\/strong><\/span><br \/>\ndans les locaux de la Ligue de l&rsquo;Enseignement<br \/>\n15 Rue de l&rsquo;Industrie &#8211; 67400 ILLKIRCH GRAFFENSTADEN<br \/>\n(Grande salle de r\u00e9union au rdc)<\/p>\n<p>&nbsp;<\/p>\n<p style=\"text-align: center;\"><strong>Au programme de cette matin\u00e9e :<\/strong><\/p>\n<p>Pr\u00e9sentation de :<\/p>\n<ul>\n<li><strong>L&rsquo;Espace Ressources \u00ab\u00a0Loisirs et Handicap\u00a0\u00bb de la JPA<\/strong><br \/>\n<u>Mission<\/u> : Faciliter l&rsquo;accueil des enfants en situation de handicap dans les structures de loisirs (P\u00e9riscolaire, centre de loisirs, Colonie de vacances, etc&#8230;)<br \/>\n<a href=\"http:\/\/jpa67.fr\/fr\/nos-actions\/espace-ressources-loisirs-et-handicap\/\">http:\/\/jpa67.fr\/fr\/nos-actions\/espace-ressources-loisirs-et-handicap\/<\/a><\/li>\n<li><strong>L&rsquo;Association d&rsquo;Aide et d&rsquo;Intervention \u00e0 Domicile du Bas Rhin (AID67)<\/strong> avec la pr\u00e9sentation du dispositif \u00ab\u00a0Accompagnement des parents ayant un enfant en situation de handicap\u00a0\u00bb<br \/>\n<a href=\"http:\/\/www.aid67.fr\/2016\/02\/28\/soutien-aux-familles-en-situation-de-handicap\/\">http:\/\/www.aid67.fr\/2016\/02\/28\/soutien-aux-familles-en-situation-de-handicap\/<\/a><\/li>\n<li><strong>Unis Cit\u00e9 <\/strong>avec le dispositif \u00ab\u00a0Famille en Harmonie\u00a0\u00bb (<u>Public<\/u> : Jeunes en situation de handicap de 14 ans \u00e0 25 ans)<a style=\"text-align: center;\" href=\"http:\/\/www.uniscite.fr\/missions-service-civique\/famille-harmonie\/\">http:\/\/www.uniscite.fr\/missions-service-civique\/famille-harmonie\/<\/a><\/li>\n<\/ul>\n<p>&nbsp;<\/p>\n<p style=\"text-align: center;\"><strong>Pour nous permettre de vous accueillir dans les meilleures conditions, nous vous prions de bien vouloir nous informer de votre pr\u00e9sence par retour de mail (<a href=\"mailto:loisirs.handicap@jpa67.fr\">loisirs.handicap@jpa67.fr<\/a>)<\/strong><\/p>\n<p style=\"text-align: center;\"><strong><u>Pour plus de renseignement<\/u> : 03 88 65 46 40<\/strong><\/p>\n","protected":false},"excerpt":{"rendered":"<p>&nbsp; UN PROJET \u00ab\u00a0LOISIR\u00a0\u00bb ? L&rsquo;Espace Ressources \u00ab\u00a0Loisirs et Handicap\u00a0\u00bb (ERLH) de la Jeunesse au Plein Air (JPA) du Bas-Rhin [&hellip;]<\/p>\n","protected":false},"author":3,"featured_media":998,"comment_status":"closed","ping_status":"open","sticky":false,"template":"","format":"standard","meta":{"spay_email":"","jetpack_publicize_message":"","jetpack_is_tweetstorm":false,"jetpack_publicize_feature_enabled":true},"categories":[119,17,27],"tags":[],"jetpack_featured_media_url":"http:\/\/jpa67.fr\/fr\/wp-content\/uploads\/2017\/11\/Logo_ERLH.jpg","jetpack_publicize_connections":[],"jetpack_sharing_enabled":true,"jetpack_shortlink":"https:\/\/wp.me\/p7mWfa-g2","jetpack-related-posts":[{"id":1074,"url":"http:\/\/jpa67.fr\/fr\/reunion-dinformations\/","url_meta":{"origin":994,"position":0},"title":"R\u00e9union d&rsquo;informations","date":"24 janvier 2018","format":false,"excerpt":"UN PROJET \"LOISIRS\" ? Le Centre Ressources Enfance-Jeunesse & Handicap (CREJH)\u00a0de la Jeunesse au Plein Air (JPA) du Bas-Rhin peut vous apporter des informations et des conseils pour un accueil en centre de loisirs, un d\u00e9part en colonie de vacances, besoin d'un temps de r\u00e9pit, etc... Nous vous proposons de\u2026","rel":"","context":"Dans &quot;Centre Ressources Enfance-Jeunesse &amp; Handicap&quot;","img":{"alt_text":"","src":"https:\/\/i0.wp.com\/jpa67.fr\/fr\/wp-content\/uploads\/2018\/01\/banniereCREJH_Final_vecto.png?resize=350%2C200","width":350,"height":200},"classes":[]},{"id":1315,"url":"http:\/\/jpa67.fr\/fr\/reunion-dinformations-18-mai-2018\/","url_meta":{"origin":994,"position":1},"title":"R\u00e9union d&rsquo;informations &#8211; 18 mai 2018","date":"5 avril 2018","format":false,"excerpt":"UN PROJET \"LOISIRS\" ? Le Centre Ressources Enfance-Jeunesse & Handicap (CREJH)\u00a0de la Jeunesse au Plein Air (JPA) du Bas-Rhin peut vous apporter des informations et des conseils pour un accueil en centre de loisirs, un d\u00e9part en colonie de vacances, besoin d'un temps de r\u00e9pit, etc... Nous vous proposons de\u2026","rel":"","context":"Dans &quot;Centre Ressources Enfance-Jeunesse &amp; Handicap&quot;","img":{"alt_text":"","src":"https:\/\/i0.wp.com\/jpa67.fr\/fr\/wp-content\/uploads\/2018\/03\/miseEnAvant_Wordpress.jpg?resize=350%2C200","width":350,"height":200},"classes":[]},{"id":2275,"url":"http:\/\/jpa67.fr\/fr\/reunion-dinformations-2\/","url_meta":{"origin":994,"position":2},"title":"R\u00e9union d&rsquo;informations","date":"13 septembre 2018","format":false,"excerpt":"R\u00e9union d\u2019informations \u2013 19 octobre 2018 UN PROJET \u00ab\u00a0LOISIRS\u00a0\u00bb ? Le Centre Ressources Enfance-Jeunesse & Handicap (CREJH)\u00a0de la Jeunesse au Plein Air (JPA) du Bas-Rhin peut vous apporter des informations et des conseils pour un accueil en centre de loisirs, un d\u00e9part en colonie de vacances, besoin d\u2019un temps de\u2026","rel":"","context":"Dans &quot;Centre Ressources Enfance-Jeunesse &amp; Handicap&quot;","img":{"alt_text":"","src":"https:\/\/i0.wp.com\/jpa67.fr\/fr\/wp-content\/uploads\/2018\/07\/affiche_reuInfos_sept.jpg?resize=350%2C200","width":350,"height":200},"classes":[]},{"id":2327,"url":"http:\/\/jpa67.fr\/fr\/reunion-dinformations-3\/","url_meta":{"origin":994,"position":3},"title":"R\u00e9union d\u2019informations","date":"17 janvier 2019","format":false,"excerpt":"R\u00e9union d\u2019informations \u2013 22 f\u00e9vrier 2019 L\u2019accompagnement des services d\u2019aide \u00e0 la personne dans les loisirs Le Centre Ressources Enfance-Jeunesse & Handicap (CREJH)\u00a0de la Jeunesse au Plein Air (JPA) du Bas-Rhin peut vous apporter des informations et des conseils pour un accueil en centre de loisirs, un d\u00e9part en colonie\u2026","rel":"","context":"Dans &quot;Centre Ressources Enfance-Jeunesse &amp; Handicap&quot;","img":{"alt_text":"affiche_reuInfos_fev2019","src":"https:\/\/i0.wp.com\/jpa67.fr\/fr\/wp-content\/uploads\/2019\/01\/affiche_reuInfos_fev2019.jpg?resize=350%2C200","width":350,"height":200},"classes":[]},{"id":1270,"url":"http:\/\/jpa67.fr\/fr\/reunion-dinformations-9-mars-2018\/","url_meta":{"origin":994,"position":4},"title":"R\u00e9union d&rsquo;informations &#8211; 9 mars 2018","date":"5 mars 2018","format":false,"excerpt":"UN PROJET \"LOISIRS\" ? Le Centre Ressources Enfance-Jeunesse & Handicap (CREJH)\u00a0de la Jeunesse au Plein Air (JPA) du Bas-Rhin peut vous apporter des informations et des conseils pour un accueil en centre de loisirs, un d\u00e9part en colonie de vacances, besoin d'un temps de r\u00e9pit, etc... Nous vous proposons de\u2026","rel":"","context":"Dans &quot;archives&quot;","img":{"alt_text":"","src":"https:\/\/i0.wp.com\/jpa67.fr\/fr\/wp-content\/uploads\/2018\/03\/miseEnAvant_Wordpress.jpg?resize=350%2C200","width":350,"height":200},"classes":[]},{"id":1056,"url":"http:\/\/jpa67.fr\/fr\/comite-de-pilotage\/","url_meta":{"origin":994,"position":5},"title":"Comit\u00e9 de pilotage","date":"22 janvier 2018","format":false,"excerpt":"Le Centre Ressources Enfance-Jeunesse & Handicap port\u00e9 par la JPA du Bas-Rhin, a lanc\u00e9 un comit\u00e9 de pilotage \u00ab Comment accueillir les enfants en situation de handicap en ACM? \u00bb. Axe de travail discut\u00e9 mardi 16 janvier 2018, avec autour de la table des repr\u00e9sentants organisateurs, de structures d\u2019accueil, de\u2026","rel":"","context":"Dans &quot;Centre Ressources Enfance-Jeunesse &amp; Handicap&quot;","img":{"alt_text":"","src":"https:\/\/i0.wp.com\/jpa67.fr\/fr\/wp-content\/uploads\/2018\/01\/comitePilotage1.jpg?resize=350%2C200","width":350,"height":200},"classes":[]}],"_links":{"self":[{"href":"http:\/\/jpa67.fr\/fr\/wp-json\/wp\/v2\/posts\/994"}],"collection":[{"href":"http:\/\/jpa67.fr\/fr\/wp-json\/wp\/v2\/posts"}],"about":[{"href":"http:\/\/jpa67.fr\/fr\/wp-json\/wp\/v2\/types\/post"}],"author":[{"embeddable":true,"href":"http:\/\/jpa67.fr\/fr\/wp-json\/wp\/v2\/users\/3"}],"replies":[{"embeddable":true,"href":"http:\/\/jpa67.fr\/fr\/wp-json\/wp\/v2\/comments?post=994"}],"version-history":[{"count":20,"href":"http:\/\/jpa67.fr\/fr\/wp-json\/wp\/v2\/posts\/994\/revisions"}],"predecessor-version":[{"id":1015,"href":"http:\/\/jpa67.fr\/fr\/wp-json\/wp\/v2\/posts\/994\/revisions\/1015"}],"wp:featuredmedia":[{"embeddable":true,"href":"http:\/\/jpa67.fr\/fr\/wp-json\/wp\/v2\/media\/998"}],"wp:attachment":[{"href":"http:\/\/jpa67.fr\/fr\/wp-json\/wp\/v2\/media?parent=994"}],"wp:term":[{"taxonomy":"category","embeddable":true,"href":"http:\/\/jpa67.fr\/fr\/wp-json\/wp\/v2\/categories?post=994"},{"taxonomy":"post_tag","embeddable":true,"href":"http:\/\/jpa67.fr\/fr\/wp-json\/wp\/v2\/tags?post=994"}],"curies":[{"name":"wp","href":"https:\/\/api.w.org\/{rel}","templated":true}]}}