{"id":2396,"date":"2019-05-28T09:19:12","date_gmt":"2019-05-28T08:19:12","guid":{"rendered":"http:\/\/jpa67.fr\/fr\/?p=2396"},"modified":"2019-05-28T09:19:12","modified_gmt":"2019-05-28T08:19:12","slug":"matinees-thematiques-27-et-28-juin-2019","status":"publish","type":"post","link":"https:\/\/jpa67.fr\/fr\/matinees-thematiques-27-et-28-juin-2019\/","title":{"rendered":"Matin\u00e9es th\u00e9matiques 27 et 28 juin 2019"},"content":{"rendered":"<p>Suite \u00e0 diff\u00e9rentes demandes, des \u00e9quipes rencontr\u00e9es, le <strong>Centre Ressources Enfance-Jeunesse &amp; Handicap<\/strong>, <strong>le Centre de Ressources Autisme d&rsquo;Alsace et le DASCA<\/strong>, organisent 2 matin\u00e9es sur la th\u00e9matique de :<\/p>\n<p><strong>Accueillir un enfant autiste<\/strong><strong>,<\/strong><\/p>\n<p>\u00e0 destination des professionnel\u00b7le\u00b7s de l\u2019Accueil Collectif de Mineurs (ALSH, P\u00e9riscolaire, CSC, Centre de Vacances, \u2026).<\/p>\n<p>Ces 2 matin\u00e9es compl\u00e9mentaires auront lieu les <strong>jeudi 27 et vendredi 28 juin 2019 de 8h \u00e0 11h30<\/strong>, dans les locaux du DASCA <strong>80 avenue du Neuhof <\/strong><strong>67100 Strasbourg<\/strong>.<\/p>\n<p><strong><u>Au programme :<\/u><\/strong><strong><br \/>\n<\/strong><\/p>\n<ul>\n<li><strong>Immersion dans une exp\u00e9rience autistique<\/strong><\/li>\n<li><strong>Fonctionnement cognitif et sensoriel : apports th\u00e9oriques<\/strong><\/li>\n<li><strong>Grands principes d&rsquo;accompagnement \u00e0 partir de situations pratiques<\/strong><\/li>\n<\/ul>\n<p>Pour vous inscrire (ou pour avoir plus de renseignements), vous pouvez nous contacter par mail\u00a0: <a href=\"mailto:loisirs.handicap@jpa67.fr\">loisirs.handicap@jpa67.fr<\/a> ou par t\u00e9l\u00e9phone\u00a0: 03 88 65 46 40,<\/p>\n<p>ou utiliser le formulaire en ligne : <a href=\"https:\/\/forms.gle\/C9gXSfRD24rvR3UP7\">https:\/\/forms.gle\/C9gXSfRD24rvR3UP7<\/a><\/p>\n<p>Dans un soucis d&rsquo;organisation, les places sont limit\u00e9es \u00e0 30 personnes, si la demande est plus forte, nous r\u00e9it\u00e8rerons ces matin\u00e9es.<\/p>\n<p>Merci de diffuser cette information dans vos r\u00e9seaux, en pi\u00e8ce jointe vous trouverez l&rsquo;affiche de ces matin\u00e9es.<\/p>\n<p>Au plaisir de vous retrouver lors de ces 2 matin\u00e9es th\u00e9matiques.<\/p>\n<p>&nbsp;<\/p>\n<div id=\"attachment_2397\" style=\"width: 2490px\" class=\"wp-caption alignnone\"><img aria-describedby=\"caption-attachment-2397\" loading=\"lazy\" class=\"size-full wp-image-2397\" src=\"http:\/\/jpa67.fr\/fr\/wp-content\/uploads\/2019\/05\/afficheMatinee_AUTISME.jpg\" alt=\"afficheMatinee_AUTISME_27_28_juin_2019\" width=\"2480\" height=\"3508\" srcset=\"https:\/\/jpa67.fr\/fr\/wp-content\/uploads\/2019\/05\/afficheMatinee_AUTISME.jpg 2480w, https:\/\/jpa67.fr\/fr\/wp-content\/uploads\/2019\/05\/afficheMatinee_AUTISME-212x300.jpg 212w, https:\/\/jpa67.fr\/fr\/wp-content\/uploads\/2019\/05\/afficheMatinee_AUTISME-768x1086.jpg 768w, https:\/\/jpa67.fr\/fr\/wp-content\/uploads\/2019\/05\/afficheMatinee_AUTISME-724x1024.jpg 724w\" sizes=\"(max-width: 2480px) 100vw, 2480px\" \/><p id=\"caption-attachment-2397\" class=\"wp-caption-text\">afficheMatinee_AUTISME_27_28_juin_2019<\/p><\/div>\n","protected":false},"excerpt":{"rendered":"<p>Suite \u00e0 diff\u00e9rentes demandes, des \u00e9quipes rencontr\u00e9es, le Centre Ressources Enfance-Jeunesse &amp; Handicap, le Centre de Ressources Autisme d&rsquo;Alsace et [&hellip;]<\/p>\n","protected":false},"author":3,"featured_media":2398,"comment_status":"closed","ping_status":"open","sticky":false,"template":"","format":"standard","meta":{"spay_email":"","jetpack_publicize_message":"","jetpack_is_tweetstorm":false,"jetpack_publicize_feature_enabled":true},"categories":[119,27],"tags":[],"jetpack_featured_media_url":"https:\/\/jpa67.fr\/fr\/wp-content\/uploads\/2019\/05\/bandeau.jpg","jetpack_publicize_connections":[],"jetpack_sharing_enabled":true,"jetpack_shortlink":"https:\/\/wp.me\/p7mWfa-CE","jetpack-related-posts":[{"id":644,"url":"https:\/\/jpa67.fr\/fr\/comment-bien-accueillir-dans-les-accueils-de-loisirs-un-enfant-presentant-des-troubles-du-comportement-le-compte-rendu-des-matinees-thematiques-des-16-et17-juin-2016-est-disponible\/","url_meta":{"origin":2396,"position":0},"title":"\u00abComment bien accueillir, dans les accueils de loisirs, un enfant pr\u00e9sentant des troubles du comportement \u00bb : le compte rendu des matin\u00e9es th\u00e9matiques des 16 et17 juin 2016 est disponible","date":"3 octobre 2016","format":false,"excerpt":"Pour lire ce document, cliquez ici.","rel":"","context":"Dans &quot;Centre Ressources Enfance-Jeunesse &amp; Handicap&quot;","img":{"alt_text":"","src":"https:\/\/i0.wp.com\/jpa67.fr\/fr\/wp-content\/uploads\/2016\/10\/Affiche-TDC-A5-web.jpg?resize=350%2C200&ssl=1","width":350,"height":200},"classes":[]},{"id":2278,"url":"https:\/\/jpa67.fr\/fr\/matinees-thematiques-4-et-5-octobre-2018\/","url_meta":{"origin":2396,"position":1},"title":"Matin\u00e9es th\u00e9matiques 4 et 5 octobre 2018","date":"17 septembre 2018","format":false,"excerpt":"Suite \u00e0 diff\u00e9rentes demandes, des \u00e9quipes rencontr\u00e9es, d\u2019avoir un apport de connaissance sur les troubles du comportement, le Centre Ressources Enfance-Jeunesse & Handicap, en partenariat avec l\u2019ITEP \u00ab\u00a0Les Mouettes\u00a0\u00bb, organise 2 matin\u00e9es sur la th\u00e9matique de l\u2019Accueil des enfants pr\u00e9sentant des \" troubles du comportement \", \u00e0 destination des professionnel\u00b7le\u00b7s\u2026","rel":"","context":"Dans &quot;Centre Ressources Enfance-Jeunesse &amp; Handicap&quot;","img":{"alt_text":"Matin\u00e9es TDC - CREJH","src":"https:\/\/i0.wp.com\/jpa67.fr\/fr\/wp-content\/uploads\/2018\/09\/bandeau_formulaire_4_5_Octobre.png?resize=350%2C200&ssl=1","width":350,"height":200},"classes":[]},{"id":289,"url":"https:\/\/jpa67.fr\/fr\/comment-accueillir-un-enfant-presentant-des-troubles-du-comportement-dans-les-centres-de-loisirs\/","url_meta":{"origin":2396,"position":2},"title":"Comment accueillir un enfant pr\u00e9sentant des troubles du comportement dans les centres de loisirs ?","date":"1 juin 2016","format":false,"excerpt":"L'Espace Resssources Loisirs et Handicap organise deux matin\u00e9es d'informations et d'\u00e9changes pour les personnes qui sont amen\u00e9es \u00e0 accueillir des enfants pr\u00e9sentant des troubles du comportement. Le jeudi 16 juin et le vendredi 17 juin 2016, de 9 \u00e0 12h30 (accueil \u00e0 partir de 8h30) 15 rue de l'Industrie 67400\u2026","rel":"","context":"Dans &quot;Centre Ressources Enfance-Jeunesse &amp; Handicap&quot;","img":{"alt_text":"","src":"https:\/\/i0.wp.com\/jpa67.fr\/fr\/wp-content\/uploads\/2016\/06\/Affiche_TDC-e1467186116618.png?resize=350%2C200&ssl=1","width":350,"height":200},"classes":[]},{"id":224,"url":"https:\/\/jpa67.fr\/fr\/enfants-en-situation-de-handicap-nouveaux-dispositifs-solutions-actions\/","url_meta":{"origin":2396,"position":3},"title":"Enfants en situation de handicap : nouveaux dispositifs, solutions, actions","date":"13 mai 2016","format":false,"excerpt":"Participez \u00e0 une matin\u00e9e d'informations et de conseils, pour mieux aider les familles d'enfants en situation de handicap Six acteurs du handicap se r\u00e9unissent pour apporter leur expertise aux professionnels de l'accueil d'enfants en situation de handicap. Ces\u00a06 organismes seront pr\u00e9sents pour vous informer et vous conseiller : Maison D\u00e9partementale\u2026","rel":"","context":"Dans &quot;Centre Ressources Enfance-Jeunesse &amp; Handicap&quot;","img":{"alt_text":"","src":"https:\/\/i0.wp.com\/jpa67.fr\/fr\/wp-content\/uploads\/2016\/05\/journee-2-juin-2016.png?resize=350%2C200&ssl=1","width":350,"height":200},"classes":[]},{"id":2327,"url":"https:\/\/jpa67.fr\/fr\/reunion-dinformations-3\/","url_meta":{"origin":2396,"position":4},"title":"R\u00e9union d\u2019informations","date":"17 janvier 2019","format":false,"excerpt":"R\u00e9union d\u2019informations \u2013 22 f\u00e9vrier 2019 L\u2019accompagnement des services d\u2019aide \u00e0 la personne dans les loisirs Le Centre Ressources Enfance-Jeunesse & Handicap (CREJH)\u00a0de la Jeunesse au Plein Air (JPA) du Bas-Rhin peut vous apporter des informations et des conseils pour un accueil en centre de loisirs, un d\u00e9part en colonie\u2026","rel":"","context":"Dans &quot;Centre Ressources Enfance-Jeunesse &amp; Handicap&quot;","img":{"alt_text":"affiche_reuInfos_fev2019","src":"https:\/\/i0.wp.com\/jpa67.fr\/fr\/wp-content\/uploads\/2019\/01\/affiche_reuInfos_fev2019.jpg?resize=350%2C200&ssl=1","width":350,"height":200},"classes":[]},{"id":1315,"url":"https:\/\/jpa67.fr\/fr\/reunion-dinformations-18-mai-2018\/","url_meta":{"origin":2396,"position":5},"title":"R\u00e9union d&rsquo;informations &#8211; 18 mai 2018","date":"5 avril 2018","format":false,"excerpt":"UN PROJET \"LOISIRS\" ? Le Centre Ressources Enfance-Jeunesse & Handicap (CREJH)\u00a0de la Jeunesse au Plein Air (JPA) du Bas-Rhin peut vous apporter des informations et des conseils pour un accueil en centre de loisirs, un d\u00e9part en colonie de vacances, besoin d'un temps de r\u00e9pit, etc... Nous vous proposons de\u2026","rel":"","context":"Dans &quot;Centre Ressources Enfance-Jeunesse &amp; Handicap&quot;","img":{"alt_text":"","src":"https:\/\/i0.wp.com\/jpa67.fr\/fr\/wp-content\/uploads\/2018\/03\/miseEnAvant_Wordpress.jpg?resize=350%2C200&ssl=1","width":350,"height":200},"classes":[]}],"_links":{"self":[{"href":"https:\/\/jpa67.fr\/fr\/wp-json\/wp\/v2\/posts\/2396"}],"collection":[{"href":"https:\/\/jpa67.fr\/fr\/wp-json\/wp\/v2\/posts"}],"about":[{"href":"https:\/\/jpa67.fr\/fr\/wp-json\/wp\/v2\/types\/post"}],"author":[{"embeddable":true,"href":"https:\/\/jpa67.fr\/fr\/wp-json\/wp\/v2\/users\/3"}],"replies":[{"embeddable":true,"href":"https:\/\/jpa67.fr\/fr\/wp-json\/wp\/v2\/comments?post=2396"}],"version-history":[{"count":2,"href":"https:\/\/jpa67.fr\/fr\/wp-json\/wp\/v2\/posts\/2396\/revisions"}],"predecessor-version":[{"id":2429,"href":"https:\/\/jpa67.fr\/fr\/wp-json\/wp\/v2\/posts\/2396\/revisions\/2429"}],"wp:featuredmedia":[{"embeddable":true,"href":"https:\/\/jpa67.fr\/fr\/wp-json\/wp\/v2\/media\/2398"}],"wp:attachment":[{"href":"https:\/\/jpa67.fr\/fr\/wp-json\/wp\/v2\/media?parent=2396"}],"wp:term":[{"taxonomy":"category","embeddable":true,"href":"https:\/\/jpa67.fr\/fr\/wp-json\/wp\/v2\/categories?post=2396"},{"taxonomy":"post_tag","embeddable":true,"href":"https:\/\/jpa67.fr\/fr\/wp-json\/wp\/v2\/tags?post=2396"}],"curies":[{"name":"wp","href":"https:\/\/api.w.org\/{rel}","templated":true}]}}