{"id":2905,"date":"2021-06-28T08:57:47","date_gmt":"2021-06-28T07:57:47","guid":{"rendered":"http:\/\/jpa67.fr\/fr\/?p=2905"},"modified":"2021-06-28T09:06:09","modified_gmt":"2021-06-28T08:06:09","slug":"la-parenthese-ete-2021","status":"publish","type":"post","link":"https:\/\/jpa67.fr\/fr\/la-parenthese-ete-2021\/","title":{"rendered":"La PARENTh\u00e8se &#8211; \u00e9t\u00e9 2021"},"content":{"rendered":"<p class=\"normaljpa\" style=\"margin: 0cm; margin-bottom: .0001pt; background: white;\"><span style=\"font-size: 10.0pt; font-family: 'Tahoma',sans-serif; color: #1f4e79;\">La Jeunesse au Plein Air du Bas-Rhin, Nouvel Envol, l&rsquo;ARSEA et l\u2019APH des Vosges du Nord vous proposent d&rsquo;accueillir votre enfant dans 2 lieux\u00a0adapt\u00e9s durant cet \u00e9t\u00e9\u00a0(Juillet -Aout) :<\/span><\/p>\n<p class=\"normaljpa\" style=\"margin: 0cm; margin-bottom: .0001pt; background: white;\"><span style=\"font-size: 11.0pt; font-family: 'Calibri',sans-serif; color: #1f497d;\">\u00a0<\/span><\/p>\n<p class=\"normaljpa\" style=\"margin: 0cm; margin-bottom: .0001pt; background: white; word-spacing: 0px;\"><span style=\"font-size: 10.0pt; font-family: Symbol; color: #1f4e79;\">\u00b7<\/span><span style=\"font-size: 7.0pt; color: #1f4e79;\">\u00a0\u00a0\u00a0\u00a0\u00a0\u00a0\u00a0\u00a0\u00a0<\/span><span style=\"font-size: 10.0pt; font-family: 'Tahoma',sans-serif; color: #1f4e79;\">\u00ab\u00a0La PARENTh\u00e8se \u2013 Strasbourg (67000) \u00bb<\/span><\/p>\n<p class=\"normaljpa\" style=\"margin: 0cm; margin-bottom: .0001pt; background: white; word-spacing: 0px;\"><span style=\"font-size: 10.0pt; font-family: Symbol; color: #1f4e79;\">\u00b7<\/span><span style=\"font-size: 7.0pt; color: #1f4e79;\">\u00a0\u00a0\u00a0\u00a0\u00a0\u00a0\u00a0\u00a0\u00a0<\/span><span style=\"font-size: 10.0pt; font-family: 'Tahoma',sans-serif; color: #1f4e79;\">\u00ab\u00a0La PARENTh\u00e8se \u2013 Ingwiller (67340) \u00bb.<\/span><\/p>\n<p class=\"normaljpa\" style=\"margin: 0cm; margin-bottom: .0001pt; background: white; word-spacing: 0px;\"><span style=\"font-size: 10.0pt; font-family: 'Tahoma',sans-serif; color: #1f4e79;\">\u00a0<\/span><\/p>\n<p class=\"normaljpa\" style=\"margin: 0cm; margin-bottom: .0001pt; background: white; word-spacing: 0px;\"><span style=\"font-size: 10.0pt; font-family: 'Tahoma',sans-serif; color: #1f4e79;\">Cette proposition vous permettra\u00a0de vous offrir un temps de REPIT et \u00e0 votre enfant d&rsquo;avoir un moment de partage avec d&rsquo;autres enfants<\/span><\/p>\n<p class=\"normaljpa\" style=\"margin: 0cm; margin-bottom: .0001pt; background: white; word-spacing: 0px;\"><span style=\"font-size: 10.0pt; font-family: 'Tahoma',sans-serif; color: #1f4e79;\">\u00a0<\/span><\/p>\n<p class=\"normaljpa\" style=\"margin: 0cm; margin-bottom: .0001pt; background: white; word-spacing: 0px;\"><span style=\"font-size: 10.0pt; font-family: 'Tahoma',sans-serif; color: #1f4e79;\">Ouvert \u00e0 tous les enfants et jeunes du d\u00e9partement, sans distinction\u00a0et indiff\u00e9remment de l&rsquo;accompagnement habituel propos\u00e9 \u00e0 votre enfant (Scolarisation en milieu ordinaire, ULIS, IME, IEM,&#8230;. etc.)<\/span><\/p>\n<p class=\"normaljpa\" style=\"margin: 0cm; margin-bottom: .0001pt; background: white; word-spacing: 0px;\"><span style=\"font-size: 10.0pt; font-family: 'Tahoma',sans-serif; color: #1f4e79;\">\u00a0<\/span><\/p>\n<p class=\"normaljpa\" style=\"margin: 0cm; margin-bottom: .0001pt; background: white; word-spacing: 0px;\"><span style=\"font-size: 10.0pt; font-family: 'Tahoma',sans-serif; color: #1f4e79;\">Selon la situation g\u00e9ographique des familles, ces accueils se feront au sein des locaux de<\/span><\/p>\n<p class=\"normaljpa\" style=\"margin: 0cm; margin-bottom: .0001pt; background: white;\"><span style=\"font-size: 11.0pt; font-family: 'Calibri',sans-serif; color: #1f497d;\">\u00a0<\/span><\/p>\n<p class=\"normaljpa\" style=\"margin: 0cm; margin-bottom: .0001pt; background: white; word-spacing: 0px;\"><span style=\"font-size: 10.0pt; font-family: Symbol; color: #1f4e79;\">\u00b7<\/span><span style=\"font-size: 7.0pt; color: #1f4e79;\">\u00a0\u00a0\u00a0\u00a0\u00a0\u00a0\u00a0\u00a0\u00a0<\/span><span style=\"font-size: 10.0pt; font-family: 'Tahoma',sans-serif; color: #1f4e79;\">l&rsquo;IME EUROMETROPLOE ARSEA &#8211;\u00a0 12 rue Scharrach 67200 STRASBOURG<\/span><\/p>\n<p class=\"normaljpa\" style=\"margin: 0cm; margin-bottom: .0001pt; background: white; word-spacing: 0px;\"><span style=\"font-size: 10.0pt; font-family: Symbol; color: #1f4e79;\">\u00b7<\/span><span style=\"font-size: 7.0pt; color: #1f4e79;\">\u00a0\u00a0\u00a0\u00a0\u00a0\u00a0\u00a0\u00a0\u00a0<\/span><span style=\"font-size: 10.0pt; font-family: 'Tahoma',sans-serif; color: #1f4e79;\">l\u2019IME L\u00e9onard de Vinci \u2013 1A rue des \u00c9coles 67340 INGWILLER<\/span><\/p>\n<p class=\"normaljpa\" style=\"margin: 0cm; margin-bottom: .0001pt; background: white; word-spacing: 0px;\"><span style=\"font-size: 10.0pt; font-family: 'Tahoma',sans-serif; color: #1f4e79;\">\u00a0<\/span><\/p>\n<p class=\"normaljpa\" style=\"margin: 0cm; margin-bottom: .0001pt; background: white; word-spacing: 0px;\"><span style=\"font-size: 10.0pt; font-family: 'Tahoma',sans-serif; color: #1f4e79;\">Les enfants (De 6 ans \u00e0 17 ans) seront accompagn\u00e9s par des animateurs (BAFA, \u00e9ducateur sp\u00e9cialis\u00e9, moniteur \u00e9ducateur) qui leurs proposeront des activit\u00e9s ludiques de types activit\u00e9s manuelles, physiques et culturelles \u00e0 la mani\u00e8re d&rsquo;un accueil de loisirs sans h\u00e9bergement adapt\u00e9es aux besoins de chacun.<\/span><\/p>\n<p class=\"normaljpa\" style=\"margin: 0cm; margin-bottom: .0001pt; background: white; word-spacing: 0px;\"><span style=\"font-size: 10.0pt; font-family: 'Tahoma',sans-serif; color: #1f4e79;\">\u00a0<\/span><\/p>\n<p class=\"normaljpa\" style=\"margin: 0cm; margin-bottom: .0001pt; background: white; word-spacing: 0px;\"><span style=\"font-size: 10.0pt; font-family: 'Tahoma',sans-serif; color: #1f4e79;\">Le temps d&rsquo;accueil sera propos\u00e9 en journ\u00e9e, 2 journ\u00e9es possibles par semaine (possibilit\u00e9 d&rsquo;accueil en demi-journ\u00e9e).<\/span><\/p>\n<p class=\"normaljpa\" style=\"margin: 0cm; margin-bottom: .0001pt; background: white; word-spacing: 0px;\"><span style=\"font-size: 10.0pt; font-family: 'Tahoma',sans-serif; color: #1f4e79;\">\u00a0<\/span><\/p>\n<p class=\"normaljpa\" style=\"margin: 0cm; margin-bottom: .0001pt; background: white; word-spacing: 0px;\"><span style=\"font-size: 10.0pt; font-family: 'Tahoma',sans-serif; color: #1f4e79;\">La structure accueillera 5 enfants simultan\u00e9ment, pour un accompagnement\u00a0de qualit\u00e9 et s\u00e9curitaire.<\/span><\/p>\n<p class=\"normaljpa\" style=\"margin: 0cm; margin-bottom: .0001pt; background: white; word-spacing: 0px;\"><span style=\"font-size: 10.0pt; font-family: 'Tahoma',sans-serif; color: #1f4e79;\">\u00a0<\/span><\/p>\n<p class=\"normaljpa\" style=\"margin: 0cm; margin-bottom: .0001pt; background: white; word-spacing: 0px;\"><span style=\"font-size: 10.0pt; font-family: 'Tahoma',sans-serif; color: #1f4e79;\">Les enfants pourront \u00eatre accueilli de 8h30 \u00e0 17h (les parents fourniront un repas tir\u00e9 du sac) et assurent le transport de leur enfant.<\/span><\/p>\n<p class=\"normaljpa\" style=\"margin: 0cm; margin-bottom: .0001pt; background: white; word-spacing: 0px;\"><span style=\"font-size: 10.0pt; font-family: 'Tahoma',sans-serif; color: #1f4e79;\">Vous trouverez en pi\u00e8ces jointes le flyer de pr\u00e9sentation de \u00ab La PARENTh\u00e8se \u00bb ainsi qu&rsquo;une demande d&rsquo;inscription. Cette demande est \u00e0 nous retourner\u00a0<b>avant le\u00a0vendredi 2 juillet 2021\u00a0<\/b>(les demandes arriv\u00e9es plus tard seront prises en compte mais non prioritaires)<\/span><\/p>\n<p class=\"normaljpa\" style=\"margin: 0cm; margin-bottom: .0001pt; background: white; word-spacing: 0px;\"><span style=\"font-size: 10.0pt; font-family: 'Tahoma',sans-serif; color: #1f4e79;\">\u00a0<\/span><\/p>\n<p class=\"normaljpa\" style=\"margin: 0cm; margin-bottom: .0001pt; background: white; word-spacing: 0px;\"><span style=\"font-size: 10.0pt; font-family: 'Tahoma',sans-serif; color: #1f4e79;\">N&rsquo;h\u00e9sitez pas \u00e0 contacter directement\u00a0le Centre Ressources Enfance-Jeunesse &amp; Handicap de la JPA67 au\u00a0<\/span><span class=\"object\"><span style=\"font-size: 10.0pt; font-family: 'Tahoma',sans-serif; color: #005a95;\">07 57 57 63 86<\/span><\/span><span style=\"font-size: 10.0pt; font-family: 'Tahoma',sans-serif; color: #1f4e79;\">\u00a0ou par mail :<\/span><\/p>\n<p class=\"normaljpa\" style=\"margin: 0cm; margin-bottom: .0001pt; background: white;\"><span style=\"font-size: 11.0pt; font-family: 'Calibri',sans-serif; color: #1f497d;\">\u00a0<\/span><\/p>\n<p class=\"normaljpa\" style=\"margin: 0cm; margin-bottom: .0001pt; background: white; word-spacing: 0px;\"><span style=\"font-size: 10.0pt; font-family: Symbol; color: #1f4e79;\">\u00b7<\/span><span style=\"font-size: 7.0pt; color: #1f4e79;\">\u00a0\u00a0\u00a0\u00a0\u00a0\u00a0\u00a0\u00a0\u00a0<\/span><a href=\"mailto:parenthese.strasbourg@gmail.com\" target=\"_blank\" rel=\"noopener\"><span style=\"font-size: 10.0pt; font-family: 'Tahoma',sans-serif; color: #005a95; text-decoration: none; text-underline: none;\">parenthese.strasbourg@gmail.com<\/span><\/a><\/p>\n<p class=\"normaljpa\" style=\"margin: 0cm; margin-bottom: .0001pt; background: white; word-spacing: 0px;\"><span style=\"font-size: 10.0pt; font-family: Symbol; color: #1f4e79;\">\u00b7<\/span><span style=\"font-size: 7.0pt; color: #1f4e79;\">\u00a0\u00a0\u00a0\u00a0\u00a0\u00a0\u00a0\u00a0\u00a0<\/span><a href=\"mailto:parenthese.ingwiller@gmail.com\" target=\"_blank\" rel=\"noopener\"><span style=\"font-size: 10.0pt; font-family: 'Tahoma',sans-serif; color: #005a95; text-decoration: none; text-underline: none;\">parenthese.ingwiller@gmail.com<\/span><\/a><\/p>\n<p class=\"normaljpa\" style=\"margin: 0cm; margin-bottom: .0001pt; background: white; word-spacing: 0px;\"><span style=\"font-size: 10.0pt; font-family: 'Tahoma',sans-serif; color: #1f4e79;\">\u00a0<\/span><\/p>\n<p class=\"normaljpa\" style=\"margin: 0cm; margin-bottom: .0001pt; background: white; word-spacing: 0px;\"><span style=\"font-size: 10.0pt; font-family: 'Tahoma',sans-serif; color: #1f4e79;\">Parce que chaque famille \u00e0 droit au r\u00e9pit, parce que chaque enfant peut se voir offrir des journ\u00e9es de vacances adapt\u00e9es ! N&rsquo;h\u00e9sitez pas \u00e0 vous inscrire.<\/span><\/p>\n<p class=\"normaljpa\" style=\"margin: 0cm; margin-bottom: .0001pt; background: white; word-spacing: 0px;\"><span style=\"font-size: 10.0pt; font-family: 'Tahoma',sans-serif; color: #1f4e79;\">\u00a0<\/span><\/p>\n\n<!-- G\u00e9n\u00e9ration r\u00e9alis\u00e9e avec Document Gallery. Obtenez votre version ici :http:\/\/wordpress.org\/extend\/plugins\/document-gallery -->\n<div id=\"document-gallery-1\" class=\"document-gallery\" data-shortcode='{\"id\":2905,\"include\":\"2912,2910,2911,2909\",\"exclude\":\"\",\"columns\":4,\"fancy\":true,\"order\":\"DESC\",\"orderby\":\"post__in\",\"relation\":\"AND\",\"limit\":-1,\"mime_types\":\"application,video,text,audio,image\",\"new_window\":true,\"paginate\":true,\"post_status\":\"any\",\"post_type\":\"attachment\",\"attachment_pg\":false,\"descriptions\":false,\"skip\":0}' data-icon-width='24'>\n<div class='document-icon-row'>\n   <div class=\"document-icon\">\n      <a href=\"https:\/\/jpa67.fr\/fr\/wp-content\/uploads\/2021\/06\/flyerParenthese-Ingwiller.pdf\" target=\"_blank\">\n         <img src=\"http:\/\/jpa67.fr\/fr\/wp-content\/uploads\/2021\/06\/flyerParenthese-Ingwiller-thumb.png\" title=\"flyerParenthese-Ingwiller\" alt=\"flyerParenthese-Ingwiller\" data-ext=\"pdf\"\/>\n         <span class=\"title\">flyerParenthese-Ingwiller<\/span>\n      <\/a>\n   <\/div>\n   <div class=\"document-icon\">\n      <a href=\"https:\/\/jpa67.fr\/fr\/wp-content\/uploads\/2021\/06\/demande-inscription-repit-La-Parenthese-Ingwiller.pdf\" target=\"_blank\">\n         <img src=\"http:\/\/jpa67.fr\/fr\/wp-content\/uploads\/2021\/06\/demande-inscription-repit-La-Parenthese-Ingwiller-thumb.png\" title=\"demande &#8211; inscription-repit &#8211; La Parenthese-Ingwiller\" alt=\"demande &#8211; inscription-repit &#8211; La Parenthese-Ingwiller\" data-ext=\"pdf\"\/>\n         <span class=\"title\">demande &#8211; inscription-repit &#8211; La Parenthese-Ingwiller<\/span>\n      <\/a>\n   <\/div>\n   <div class=\"document-icon\">\n      <a href=\"https:\/\/jpa67.fr\/fr\/wp-content\/uploads\/2021\/06\/flyerParenthese-Strasbourg.pdf\" target=\"_blank\">\n         <img src=\"http:\/\/jpa67.fr\/fr\/wp-content\/uploads\/2021\/06\/flyerParenthese-Strasbourg-thumb.png\" title=\"flyerParenthese-Strasbourg\" alt=\"flyerParenthese-Strasbourg\" data-ext=\"pdf\"\/>\n         <span class=\"title\">flyerParenthese-Strasbourg<\/span>\n      <\/a>\n   <\/div>\n   <div class=\"document-icon\">\n      <a href=\"https:\/\/jpa67.fr\/fr\/wp-content\/uploads\/2021\/06\/demande-inscription-repit-La-Parenthese-Strasbourg.pdf\" target=\"_blank\">\n         <img src=\"http:\/\/jpa67.fr\/fr\/wp-content\/uploads\/2021\/06\/demande-inscription-repit-La-Parenthese-Strasbourg-thumb.png\" title=\"demande &#8211; inscription-repit &#8211; La Parenthese-Strasbourg\" alt=\"demande &#8211; inscription-repit &#8211; La Parenthese-Strasbourg\" data-ext=\"pdf\"\/>\n         <span class=\"title\">demande &#8211; inscription-repit &#8211; La Parenthese-Strasbourg<\/span>\n      <\/a>\n   <\/div>\n\n<\/div>\n<\/div>\n<p>&nbsp;<\/p>\n","protected":false},"excerpt":{"rendered":"<p>La Jeunesse au Plein Air du Bas-Rhin, Nouvel Envol, l&rsquo;ARSEA et l\u2019APH des Vosges du Nord vous proposent d&rsquo;accueillir votre [&hellip;]<\/p>\n","protected":false},"author":3,"featured_media":2904,"comment_status":"closed","ping_status":"open","sticky":false,"template":"","format":"standard","meta":{"spay_email":"","jetpack_publicize_message":"","jetpack_is_tweetstorm":false,"jetpack_publicize_feature_enabled":true},"categories":[119,27],"tags":[],"jetpack_featured_media_url":"https:\/\/jpa67.fr\/fr\/wp-content\/uploads\/2021\/06\/bandeau-Parenthese-2021.png","jetpack_publicize_connections":[],"jetpack_sharing_enabled":true,"jetpack_shortlink":"https:\/\/wp.me\/p7mWfa-KR","jetpack-related-posts":[{"id":2675,"url":"https:\/\/jpa67.fr\/fr\/la-parenthese\/","url_meta":{"origin":2905,"position":0},"title":"La PARENTh\u00e8se","date":"3 juillet 2020","format":false,"excerpt":"\u00a0 La Jeunesse au Plein Air du Bas-Rhin, Nouvel Envol et l'ARSEA vous proposent d'accueillir votre enfant dans un lieu adapt\u00e9 durant cet \u00e9t\u00e9 (juillet-aout) : \"La PARENTH\u00e8se\". Cette proposition vous permettra \u00a0de vous offrir un temps de REPIT et \u00e0 votre enfant d\u2019avoir un moment de partage avec d\u2019autres\u2026","rel":"","context":"Dans &quot;Centre Ressources Enfance-Jeunesse &amp; Handicap&quot;","img":{"alt_text":"","src":"https:\/\/i0.wp.com\/jpa67.fr\/fr\/wp-content\/uploads\/2020\/07\/bandeau-La-Parenthese-.png?resize=350%2C200&ssl=1","width":350,"height":200},"classes":[]},{"id":625,"url":"https:\/\/jpa67.fr\/fr\/concert-gospel-au-profit-de-la-jeunesse-au-plein-air-le-15-octobre-2016\/","url_meta":{"origin":2905,"position":1},"title":"Concert Gospel au profit de la Jeunesse au Plein Air : beau succ\u00e8s","date":"16 octobre 2016","format":false,"excerpt":"Le 15 octobre 2016, la chorale Les Copains d'accords a donn\u00e9 un tr\u00e8s beau concert Gospel dans la Chapelle du Couvent du Bischenberg, \u00e0 Bischoffsheim. La chapelle \u00e9tait comble, avec un public chaleureux. Un tr\u00e8s beau programme aussi et surtout des chanteurs passionn\u00e9s, men\u00e9s de main de ma\u00eetre par Anne-Rose\u2026","rel":"","context":"Dans &quot;Colonies de vacances&quot;","img":{"alt_text":"","src":"https:\/\/i0.wp.com\/jpa67.fr\/fr\/wp-content\/uploads\/2016\/09\/IMG_0455.jpg?resize=350%2C200&ssl=1","width":350,"height":200},"classes":[]},{"id":2275,"url":"https:\/\/jpa67.fr\/fr\/reunion-dinformations-2\/","url_meta":{"origin":2905,"position":2},"title":"R\u00e9union d&rsquo;informations","date":"13 septembre 2018","format":false,"excerpt":"R\u00e9union d\u2019informations \u2013 19 octobre 2018 UN PROJET \u00ab\u00a0LOISIRS\u00a0\u00bb ? Le Centre Ressources Enfance-Jeunesse & Handicap (CREJH)\u00a0de la Jeunesse au Plein Air (JPA) du Bas-Rhin peut vous apporter des informations et des conseils pour un accueil en centre de loisirs, un d\u00e9part en colonie de vacances, besoin d\u2019un temps de\u2026","rel":"","context":"Dans &quot;Centre Ressources Enfance-Jeunesse &amp; Handicap&quot;","img":{"alt_text":"","src":"https:\/\/i0.wp.com\/jpa67.fr\/fr\/wp-content\/uploads\/2018\/07\/affiche_reuInfos_sept.jpg?resize=350%2C200&ssl=1","width":350,"height":200},"classes":[]},{"id":2327,"url":"https:\/\/jpa67.fr\/fr\/reunion-dinformations-3\/","url_meta":{"origin":2905,"position":3},"title":"R\u00e9union d\u2019informations","date":"17 janvier 2019","format":false,"excerpt":"R\u00e9union d\u2019informations \u2013 22 f\u00e9vrier 2019 L\u2019accompagnement des services d\u2019aide \u00e0 la personne dans les loisirs Le Centre Ressources Enfance-Jeunesse & Handicap (CREJH)\u00a0de la Jeunesse au Plein Air (JPA) du Bas-Rhin peut vous apporter des informations et des conseils pour un accueil en centre de loisirs, un d\u00e9part en colonie\u2026","rel":"","context":"Dans &quot;Centre Ressources Enfance-Jeunesse &amp; Handicap&quot;","img":{"alt_text":"affiche_reuInfos_fev2019","src":"https:\/\/i0.wp.com\/jpa67.fr\/fr\/wp-content\/uploads\/2019\/01\/affiche_reuInfos_fev2019.jpg?resize=350%2C200&ssl=1","width":350,"height":200},"classes":[]},{"id":1363,"url":"https:\/\/jpa67.fr\/fr\/cafe-des-parents\/","url_meta":{"origin":2905,"position":4},"title":"Caf\u00e9 des parents","date":"29 mai 2018","format":false,"excerpt":"Le Centre Ressources Enfance - Jeunesse & Handicap, port\u00e9 par la JPA67, vous propose tous les mois son \"Caf\u00e9 des parents\" !! La prochaine th\u00e9matique sera \" Loisirs en milieu ordinaire et \u00e9tablissements sp\u00e9cialis\u00e9s \" ! Pour vous inscrire :\u00a0CLIQUEZ ICI \u00a0","rel":"","context":"Dans &quot;Centre Ressources Enfance-Jeunesse &amp; Handicap&quot;","img":{"alt_text":"","src":"https:\/\/i0.wp.com\/jpa67.fr\/fr\/wp-content\/uploads\/2018\/07\/visuel_mail_cafeParents_12septembre2018.jpg?resize=350%2C200&ssl=1","width":350,"height":200},"classes":[]},{"id":2392,"url":"https:\/\/jpa67.fr\/fr\/cafe-des-parents-du-22-juin-2019\/","url_meta":{"origin":2905,"position":5},"title":"Caf\u00e9 des parents du 22 juin 2019","date":"20 mai 2019","format":false,"excerpt":"Le Centre Ressources Enfance-Jeunesse & Handicap et la ville de Bischheim organisent un caf\u00e9 des parents le samedi 22 juin 2019 au Parc des Sports de Bischheim.","rel":"","context":"Dans &quot;Centre Ressources Enfance-Jeunesse &amp; Handicap&quot;","img":{"alt_text":"visuel_cafeParents_22juin2019","src":"https:\/\/i0.wp.com\/jpa67.fr\/fr\/wp-content\/uploads\/2019\/05\/visuel_cafeParents_22juin2019.jpg?resize=350%2C200","width":350,"height":200},"classes":[]}],"_links":{"self":[{"href":"https:\/\/jpa67.fr\/fr\/wp-json\/wp\/v2\/posts\/2905"}],"collection":[{"href":"https:\/\/jpa67.fr\/fr\/wp-json\/wp\/v2\/posts"}],"about":[{"href":"https:\/\/jpa67.fr\/fr\/wp-json\/wp\/v2\/types\/post"}],"author":[{"embeddable":true,"href":"https:\/\/jpa67.fr\/fr\/wp-json\/wp\/v2\/users\/3"}],"replies":[{"embeddable":true,"href":"https:\/\/jpa67.fr\/fr\/wp-json\/wp\/v2\/comments?post=2905"}],"version-history":[{"count":5,"href":"https:\/\/jpa67.fr\/fr\/wp-json\/wp\/v2\/posts\/2905\/revisions"}],"predecessor-version":[{"id":2914,"href":"https:\/\/jpa67.fr\/fr\/wp-json\/wp\/v2\/posts\/2905\/revisions\/2914"}],"wp:featuredmedia":[{"embeddable":true,"href":"https:\/\/jpa67.fr\/fr\/wp-json\/wp\/v2\/media\/2904"}],"wp:attachment":[{"href":"https:\/\/jpa67.fr\/fr\/wp-json\/wp\/v2\/media?parent=2905"}],"wp:term":[{"taxonomy":"category","embeddable":true,"href":"https:\/\/jpa67.fr\/fr\/wp-json\/wp\/v2\/categories?post=2905"},{"taxonomy":"post_tag","embeddable":true,"href":"https:\/\/jpa67.fr\/fr\/wp-json\/wp\/v2\/tags?post=2905"}],"curies":[{"name":"wp","href":"https:\/\/api.w.org\/{rel}","templated":true}]}}